{"id":1000,"date":"2015-11-16T11:50:41","date_gmt":"2015-11-16T10:50:41","guid":{"rendered":"http:\/\/www2.prva.hr\/?p=1000"},"modified":"2017-08-07T11:51:40","modified_gmt":"2017-08-07T09:51:40","slug":"obiljezavanje-mjeseca-borbe-protiv-ovisnosti-15-11-15-12","status":"publish","type":"post","link":"https:\/\/prva.hr\/index.php\/2015\/11\/16\/obiljezavanje-mjeseca-borbe-protiv-ovisnosti-15-11-15-12\/","title":{"rendered":"Obilje\u017eavanje Mjeseca borbe protiv ovisnosti &#8211; 15.11.-15.12."},"content":{"rendered":"<p>I ove godine, u I. gimnaziji \u0107e se obilje\u017eiti Mjesec borbe protiv ovisnosti (15.11.-15.12.). Svi razredni odjeli bit \u0107e uklju\u010deni u razna predavanja stru\u010dnjaka koji su se odazvali pozivu. Osim raznih predavanja, sva sportska natjecanja koja \u0107e se odr\u017eavati u navedenom terminu bit \u0107e posve\u0107ena Mjesecu borbe protiv ovisnosti.<\/p>\n<p>Nastavnice biologije, profesorice Markovi\u0107, T. i Radi\u0107, M. ove godine su odlu\u010dile na poseban na\u010din obilje\u017eiti Svjetski dan borbe protiv AIDS-a tako \u0161to \u0107e 1.12. svi djelatnici \u0161kole i u\u010denici nositi crvenu vrpcu koja je me\u0111unarodni simbol svijesti o HIV-u\/AIDS-u te predstavlja znak solidarnosti i podr\u0161ke diskriminiranim oboljelim osobama i spomen na umrle. Nastavnice su odlu\u010dile provesti anketu o tome koliko su u\u010denici upoznati s navedenom temom te \u0107e u\u010denici biti uklju\u010deni u izradu raznih plakata i modela virusa HIV-a.<\/p>\n<p align=\"center\">\n<p><strong>Program aktivnosti povodom <\/strong><strong>obilje\u017eavanja<\/strong><\/p>\n<p><strong>Mjeseca borbe protiv ovisnosti (15.11.-15.12.)<\/strong><\/p>\n<p align=\"center\">\n<p><img decoding=\"async\" src=\"http:\/\/www.prva.hr\/images\/pdf\/MJESEC%20BORBE%20(1).jpg\" width=\"220\" height=\"312\" border=\"0\" \/><\/p>\n<p>&nbsp;<\/p>\n<p>&nbsp;<\/p>\n<p><strong>18. studenoga 2015. (srijeda)<\/strong><strong> predavanje KBC Sestre milosrdnice- Anastazija Godi\u0107 <\/strong><strong>Blaga, socijalna radnica i Rina Katalini\u0107, psihologinja<\/strong><\/p>\n<p>7. sat &#8211; 1.a, 2.c, 3.b<\/p>\n<p>&nbsp;<\/p>\n<p><strong>19. studenoga 2015. (\u010detvrtak)<\/strong><strong> predavanje KBC Sestre milosrdnice- Anastazija Godi\u0107 <\/strong><strong>Blaga, socijalna radnica i Rina Katalini\u0107, psihologinja<\/strong><\/p>\n<p>1. sat \u2013 1.e, 3.f, 4.d, 4.e<\/p>\n<p>&nbsp;<\/p>\n<p><strong>25. studenoga 2015. (srijeda)<\/strong><strong> predavanje Hrvatskog zavoda za javno zdravstvo \u2013 <\/strong><strong>Lucija Sablji\u0107, socijalna pedagoginja<\/strong><\/p>\n<p>1. sat \u2013 2.a, 2.b<\/p>\n<p align=\"center\">\n<p><strong>30. studenoga 2015. (ponedjeljak)<\/strong><strong> debata u\u010denika I. gimnazije- tema: Ovaj dom smatra <\/strong><strong>da je binge drinking ovisnost<\/strong><\/p>\n<p>1. sat &#8211; 1.b, 2.d, 2.e, 3.a, 3.d<\/p>\n<p>&nbsp;<\/p>\n<p><strong>1. prosinca 2015. (utorak) <\/strong><strong>Svjetski dan borbe protiv AIDS-a, profesorice biologije <\/strong><strong>Markovi\u0107, T. i Radi\u0107, M. (uklju\u010deni svi razredi)<\/strong><\/p>\n<p>&nbsp;<\/p>\n<p><strong>10. prosinca 2015. (\u010detvrtak)<\/strong><strong> predavanje KBC Rebro &#8211; Aran Tomac, psihijatar<\/strong><\/p>\n<p>7. sat- 1.c, 1.d, 3.c, 3.e, 4.a, 4.b, 4.c<\/p>\n<p>&nbsp;<\/p>\n<p><strong>Studeni\/prosinac<\/strong> <strong>utakmice zavr\u0161nice nogometnog prvenstva \u0161kole, pliva\u010dko <\/strong><strong>natjecanje i po\u010detne utakmice odbojka\u0161kog natjecanja bit \u0107e<\/strong><strong>posve\u0107ene obilje\u017eavanju Mjeseca borbe protiv ovisnosti<\/strong><\/p>\n<p><span class=\"article_separator\">\u00a0<\/span><\/p>\n<div>\n<table class=\"contentpaneopen\">\n<tbody>\n<tr>\n<td class=\"contentheading\" width=\"100%\">Osvrt u\u010denice na poetski recital &#8220;Upali lampicu i \u010ditaj&#8221;<\/td>\n<td class=\"buttonheading\" align=\"right\" width=\"100%\"><a title=\"Ispis\" href=\"http:\/\/www.prva.hr\/index.php?view=article&amp;catid=49:aktualna-dogaanja&amp;id=1666:osvrt-uenice-na-poetski-recital-qupali-lampicu-i-itajq&amp;tmpl=component&amp;print=1&amp;layout=default&amp;page=\" rel=\"nofollow\"><img decoding=\"async\" data-src=\"http:\/\/www.prva.hr\/images\/M_images\/printButton.png\" alt=\"Ispis\" src=\"data:image\/svg+xml;base64,PHN2ZyB3aWR0aD0iMSIgaGVpZ2h0PSIxIiB4bWxucz0iaHR0cDovL3d3dy53My5vcmcvMjAwMC9zdmciPjwvc3ZnPg==\" class=\"lazyload\" \/><\/a><\/td>\n<\/tr>\n<\/tbody>\n<\/table>\n<table class=\"contentpaneopen\">\n<tbody>\n<tr>\n<td class=\"createdate\" colspan=\"2\" valign=\"top\">Ponedjeljak, 09 Studeni 2015 09:48<\/td>\n<\/tr>\n<tr>\n<td colspan=\"2\" valign=\"top\">U\u010denica 1.b razreda, Doris Ma\u0161i\u0107, napisala je osvrt na odr\u017eani poetski recital koji se odr\u017eao u \u0161koli, &#8220;<strong>Upali lampicu i \u010ditaj!<\/strong>&#8221; u sklopu knji\u017eevne akcije &#8220;<strong>Poeziju u knji\u017enice<\/strong>&#8221; povodom <strong>Mjeseca hrvatske knjige<\/strong> na temu svjetlosti. \u010clanak je objavljen na portalu <em>Hrvatskoga \u010ditateljskog dru\u0161tva<\/em><strong> E-Bilten,<\/strong> a mo\u017eete ga pro\u010ditati <a href=\"https:\/\/hcdbilten.wordpress.com\/2015\/11\/05\/upali-lampicu-i-citaj\/#more-1183\" target=\"_blank\">ovdje<\/a><\/td>\n<\/tr>\n<\/tbody>\n<\/table>\n<p><span class=\"article_separator\">\u00a0<\/span><\/div>\n","protected":false},"excerpt":{"rendered":"<p>I ove godine, u I. gimnaziji \u0107e se obilje\u017eiti Mjesec borbe protiv ovisnosti (15.11.-15.12.). Svi razredni odjeli bit \u0107e uklju\u010deni u razna predavanja stru\u010dnjaka koji su se odazvali pozivu. Osim raznih predavanja, sva sportska natjecanja koja \u0107e se odr\u017eavati u navedenom terminu bit \u0107e posve\u0107ena Mjesecu borbe protiv ovisnosti. Nastavnice biologije, profesorice Markovi\u0107, T. i [&hellip;]<\/p>\n","protected":false},"author":1,"featured_media":0,"comment_status":"closed","ping_status":"closed","sticky":false,"template":"","format":"standard","meta":{"_et_pb_use_builder":"","_et_pb_old_content":"","_et_gb_content_width":"","footnotes":""},"categories":[9],"tags":[],"class_list":["post-1000","post","type-post","status-publish","format-standard","hentry","category-arhiva"],"_links":{"self":[{"href":"https:\/\/prva.hr\/index.php\/wp-json\/wp\/v2\/posts\/1000","targetHints":{"allow":["GET"]}}],"collection":[{"href":"https:\/\/prva.hr\/index.php\/wp-json\/wp\/v2\/posts"}],"about":[{"href":"https:\/\/prva.hr\/index.php\/wp-json\/wp\/v2\/types\/post"}],"author":[{"embeddable":true,"href":"https:\/\/prva.hr\/index.php\/wp-json\/wp\/v2\/users\/1"}],"replies":[{"embeddable":true,"href":"https:\/\/prva.hr\/index.php\/wp-json\/wp\/v2\/comments?post=1000"}],"version-history":[{"count":1,"href":"https:\/\/prva.hr\/index.php\/wp-json\/wp\/v2\/posts\/1000\/revisions"}],"predecessor-version":[{"id":1001,"href":"https:\/\/prva.hr\/index.php\/wp-json\/wp\/v2\/posts\/1000\/revisions\/1001"}],"wp:attachment":[{"href":"https:\/\/prva.hr\/index.php\/wp-json\/wp\/v2\/media?parent=1000"}],"wp:term":[{"taxonomy":"category","embeddable":true,"href":"https:\/\/prva.hr\/index.php\/wp-json\/wp\/v2\/categories?post=1000"},{"taxonomy":"post_tag","embeddable":true,"href":"https:\/\/prva.hr\/index.php\/wp-json\/wp\/v2\/tags?post=1000"}],"curies":[{"name":"wp","href":"https:\/\/api.w.org\/{rel}","templated":true}]}}