{"id":10037,"date":"2021-10-06T13:31:55","date_gmt":"2021-10-06T11:31:55","guid":{"rendered":"https:\/\/www.prva.hr\/?p=10037"},"modified":"2021-10-25T15:27:31","modified_gmt":"2021-10-25T13:27:31","slug":"olimpijci-u-prvoj","status":"publish","type":"post","link":"https:\/\/prva.hr\/index.php\/2021\/10\/06\/olimpijci-u-prvoj\/","title":{"rendered":"Olimpijci u Prvoj"},"content":{"rendered":"<div class=\"kvgmc6g5 cxmmr5t8 oygrvhab hcukyx3x c1et5uql ii04i59q\">\n<div dir=\"auto\">30. rujna,\u00a0 posebnim doga\u0111ajem zavr\u0161ili smo obilje\u017eavanje Hrvatskog olimpijskog dana.<\/div>\n<\/div>\n<div class=\"o9v6fnle cxmmr5t8 oygrvhab hcukyx3x c1et5uql ii04i59q\">\n<div dir=\"auto\">Naime, u goste su nam do\u0161li biv\u0161i u\u010denici koji su nastupili na Olimpijskim igrama u Tokiju &#8211; kajaka\u0161ica Anamarija Govor\u010dinovi\u0107 i tenisa\u010d Nikola Mekti\u0107.<\/div>\n<\/div>\n<div class=\"o9v6fnle cxmmr5t8 oygrvhab hcukyx3x c1et5uql ii04i59q\">\n<div dir=\"auto\">Na samom nam je po\u010detku prof. Fer\u010dek govorila o anti\u010dkim olimpijskim igrama, a potom su na\u0161i gosti pri\u010dali o svom sportskom putu, ali i o danima u Prvoj. Imali su sjajne poruke za na\u0161e u\u010denike o upornosti i ustrajnosti u ostvarivanju snova.\u00a0 Sve je upotpunio Lovro Kopa\u010d izvedbom pjesme &#8220;We are the champion&#8221; na saksofonu. Bila je to ve\u010der za pam\u0107enje!<\/div>\n<\/div>\n<div class=\"o9v6fnle cxmmr5t8 oygrvhab hcukyx3x c1et5uql ii04i59q\">\n<div dir=\"auto\"><\/div>\n<div dir=\"auto\"><\/div>\n<div dir=\"auto\"><span class=\"pq6dq46d tbxw36s4 knj5qynh kvgmc6g5 ditlmg2l oygrvhab nvdbi5me sf5mxxl7 gl3lb2sf hhz5lgdu\"><img decoding=\"async\" data-src=\"https:\/\/static.xx.fbcdn.net\/images\/emoji.php\/v9\/tde\/1\/16\/1f4f8.png\" alt=\"\ud83d\udcf8\" width=\"16\" height=\"16\" src=\"data:image\/svg+xml;base64,PHN2ZyB3aWR0aD0iMSIgaGVpZ2h0PSIxIiB4bWxucz0iaHR0cDovL3d3dy53My5vcmcvMjAwMC9zdmciPjwvc3ZnPg==\" class=\"lazyload\" style=\"--smush-placeholder-width: 16px; --smush-placeholder-aspect-ratio: 16\/16;\" \/><\/span> Iva Crnogorac, prof. Meri Matu\u0161an<\/div>\n<\/div>\n<div dir=\"auto\"><\/div>\n<div dir=\"auto\"><img decoding=\"async\" class=\"alignnone size-medium wp-image-10039 lazyload\" data-src=\"https:\/\/www.prva.hr\/wp-content\/uploads\/2021\/10\/mek-300x300.jpg\" alt=\"\" width=\"300\" height=\"300\" data-srcset=\"https:\/\/prva.hr\/wp-content\/uploads\/2021\/10\/mek-300x300.jpg 300w, https:\/\/prva.hr\/wp-content\/uploads\/2021\/10\/mek-150x150.jpg 150w, https:\/\/prva.hr\/wp-content\/uploads\/2021\/10\/mek-768x768.jpg 768w, https:\/\/prva.hr\/wp-content\/uploads\/2021\/10\/mek-1024x1024.jpg 1024w, https:\/\/prva.hr\/wp-content\/uploads\/2021\/10\/mek.jpg 1080w\" data-sizes=\"(max-width: 300px) 100vw, 300px\" src=\"data:image\/svg+xml;base64,PHN2ZyB3aWR0aD0iMSIgaGVpZ2h0PSIxIiB4bWxucz0iaHR0cDovL3d3dy53My5vcmcvMjAwMC9zdmciPjwvc3ZnPg==\" style=\"--smush-placeholder-width: 300px; --smush-placeholder-aspect-ratio: 300\/300;\" \/> <img decoding=\"async\" class=\"alignnone size-medium wp-image-10040 lazyload\" data-src=\"https:\/\/www.prva.hr\/wp-content\/uploads\/2021\/10\/mek2-300x300.jpg\" alt=\"\" width=\"300\" height=\"300\" data-srcset=\"https:\/\/prva.hr\/wp-content\/uploads\/2021\/10\/mek2-300x300.jpg 300w, https:\/\/prva.hr\/wp-content\/uploads\/2021\/10\/mek2-150x150.jpg 150w, https:\/\/prva.hr\/wp-content\/uploads\/2021\/10\/mek2-768x768.jpg 768w, https:\/\/prva.hr\/wp-content\/uploads\/2021\/10\/mek2-1024x1024.jpg 1024w, https:\/\/prva.hr\/wp-content\/uploads\/2021\/10\/mek2.jpg 1080w\" data-sizes=\"(max-width: 300px) 100vw, 300px\" src=\"data:image\/svg+xml;base64,PHN2ZyB3aWR0aD0iMSIgaGVpZ2h0PSIxIiB4bWxucz0iaHR0cDovL3d3dy53My5vcmcvMjAwMC9zdmciPjwvc3ZnPg==\" style=\"--smush-placeholder-width: 300px; --smush-placeholder-aspect-ratio: 300\/300;\" \/><\/div>\n","protected":false},"excerpt":{"rendered":"<p>30. rujna,\u00a0 posebnim doga\u0111ajem zavr\u0161ili smo obilje\u017eavanje Hrvatskog olimpijskog dana. Naime, u goste su nam do\u0161li biv\u0161i u\u010denici koji su nastupili na Olimpijskim igrama u Tokiju &#8211; kajaka\u0161ica Anamarija Govor\u010dinovi\u0107 i tenisa\u010d Nikola Mekti\u0107. Na samom nam je po\u010detku prof. Fer\u010dek govorila o anti\u010dkim olimpijskim igrama, a potom su na\u0161i gosti pri\u010dali o svom sportskom [&hellip;]<\/p>\n","protected":false},"author":7,"featured_media":10038,"comment_status":"closed","ping_status":"closed","sticky":false,"template":"","format":"standard","meta":{"_et_pb_use_builder":"","_et_pb_old_content":"","_et_gb_content_width":"","footnotes":""},"categories":[12,6,9,4],"tags":[],"class_list":["post-10037","post","type-post","status-publish","format-standard","has-post-thumbnail","hentry","category-osvrti","category-aktualna-dogadanja","category-arhiva","category-najnovije-vijesti"],"_links":{"self":[{"href":"https:\/\/prva.hr\/index.php\/wp-json\/wp\/v2\/posts\/10037","targetHints":{"allow":["GET"]}}],"collection":[{"href":"https:\/\/prva.hr\/index.php\/wp-json\/wp\/v2\/posts"}],"about":[{"href":"https:\/\/prva.hr\/index.php\/wp-json\/wp\/v2\/types\/post"}],"author":[{"embeddable":true,"href":"https:\/\/prva.hr\/index.php\/wp-json\/wp\/v2\/users\/7"}],"replies":[{"embeddable":true,"href":"https:\/\/prva.hr\/index.php\/wp-json\/wp\/v2\/comments?post=10037"}],"version-history":[{"count":1,"href":"https:\/\/prva.hr\/index.php\/wp-json\/wp\/v2\/posts\/10037\/revisions"}],"predecessor-version":[{"id":10041,"href":"https:\/\/prva.hr\/index.php\/wp-json\/wp\/v2\/posts\/10037\/revisions\/10041"}],"wp:featuredmedia":[{"embeddable":true,"href":"https:\/\/prva.hr\/index.php\/wp-json\/wp\/v2\/media\/10038"}],"wp:attachment":[{"href":"https:\/\/prva.hr\/index.php\/wp-json\/wp\/v2\/media?parent=10037"}],"wp:term":[{"taxonomy":"category","embeddable":true,"href":"https:\/\/prva.hr\/index.php\/wp-json\/wp\/v2\/categories?post=10037"},{"taxonomy":"post_tag","embeddable":true,"href":"https:\/\/prva.hr\/index.php\/wp-json\/wp\/v2\/tags?post=10037"}],"curies":[{"name":"wp","href":"https:\/\/api.w.org\/{rel}","templated":true}]}}