{"id":1006,"date":"2015-11-23T11:54:01","date_gmt":"2015-11-23T10:54:01","guid":{"rendered":"http:\/\/www2.prva.hr\/?p=1006"},"modified":"2017-08-07T11:54:31","modified_gmt":"2017-08-07T09:54:31","slug":"u-i-gimnaziji-otvorena-zelena-knjiznica","status":"publish","type":"post","link":"https:\/\/prva.hr\/index.php\/2015\/11\/23\/u-i-gimnaziji-otvorena-zelena-knjiznica\/","title":{"rendered":"U I. gimnaziji otvorena &#8220;Zelena knji\u017enica&#8221;"},"content":{"rendered":"<p>U I. gimnaziji 17. studenoga 2015. sve\u010dano je otvorena Zelena knji\u017enica. U suradnji s Fondom za za\u0161titu okoli\u0161a i energetsku u\u010dinkovitost i Ministarstvom za\u0161tite okoli\u0161a i prirode u \u0161kolskoj knji\u017enici postavljena je polica gdje se nalaze razne knjige i bro\u0161ure u kojima se nalaze osnovne informacije o energetskoj efikasnosti, energetski efikasnim proizvodima i sustavima te njihovoj primjeni u ku\u0107anstvu, kao i savjeti za promjenu pona\u0161anja u cilju odgovornijeg kori\u0161tenja energije, \u010dlanci na temu za\u0161tite okoli\u0161a, recikliranja i sl..<\/p>\n<p>I. gimnazija je jedna od 15 \u0161kola koje su odabarane za uklju\u010divanje u projekt otvaranja Zelenih knji\u017enica u \u00a0javnim ustanovama u Republici Hrvatskoj.<\/p>\n<p>\u010clanak objavljen 19. studenoga u 24 sata mo\u017eete pogledati <a href=\"http:\/\/www.24sata.hr\/prva-gimnazija-u-zagrebu-dobila-zelenu-knjiznicu-447816\" target=\"_blank\">ovdje<\/a><\/p>\n<p>&nbsp;<\/p>\n<p><img decoding=\"async\" data-src=\"http:\/\/www.prva.hr\/images\/pdf\/zelena%20knjiznica1.jpg\" width=\"263\" height=\"198\" border=\"0\" src=\"data:image\/svg+xml;base64,PHN2ZyB3aWR0aD0iMSIgaGVpZ2h0PSIxIiB4bWxucz0iaHR0cDovL3d3dy53My5vcmcvMjAwMC9zdmciPjwvc3ZnPg==\" class=\"lazyload\" style=\"--smush-placeholder-width: 263px; --smush-placeholder-aspect-ratio: 263\/198;\" \/><\/p>\n<p><img decoding=\"async\" data-src=\"http:\/\/www.prva.hr\/images\/pdf\/zelena%20knjiznica2.jpg\" width=\"263\" height=\"198\" border=\"0\" src=\"data:image\/svg+xml;base64,PHN2ZyB3aWR0aD0iMSIgaGVpZ2h0PSIxIiB4bWxucz0iaHR0cDovL3d3dy53My5vcmcvMjAwMC9zdmciPjwvc3ZnPg==\" class=\"lazyload\" style=\"--smush-placeholder-width: 263px; --smush-placeholder-aspect-ratio: 263\/198;\" \/><\/p>\n","protected":false},"excerpt":{"rendered":"<p>U I. gimnaziji 17. studenoga 2015. sve\u010dano je otvorena Zelena knji\u017enica. U suradnji s Fondom za za\u0161titu okoli\u0161a i energetsku u\u010dinkovitost i Ministarstvom za\u0161tite okoli\u0161a i prirode u \u0161kolskoj knji\u017enici postavljena je polica gdje se nalaze razne knjige i bro\u0161ure u kojima se nalaze osnovne informacije o energetskoj efikasnosti, energetski efikasnim proizvodima i sustavima te [&hellip;]<\/p>\n","protected":false},"author":1,"featured_media":0,"comment_status":"closed","ping_status":"closed","sticky":false,"template":"","format":"standard","meta":{"_et_pb_use_builder":"","_et_pb_old_content":"","_et_gb_content_width":"","footnotes":""},"categories":[9],"tags":[],"class_list":["post-1006","post","type-post","status-publish","format-standard","hentry","category-arhiva"],"_links":{"self":[{"href":"https:\/\/prva.hr\/index.php\/wp-json\/wp\/v2\/posts\/1006","targetHints":{"allow":["GET"]}}],"collection":[{"href":"https:\/\/prva.hr\/index.php\/wp-json\/wp\/v2\/posts"}],"about":[{"href":"https:\/\/prva.hr\/index.php\/wp-json\/wp\/v2\/types\/post"}],"author":[{"embeddable":true,"href":"https:\/\/prva.hr\/index.php\/wp-json\/wp\/v2\/users\/1"}],"replies":[{"embeddable":true,"href":"https:\/\/prva.hr\/index.php\/wp-json\/wp\/v2\/comments?post=1006"}],"version-history":[{"count":1,"href":"https:\/\/prva.hr\/index.php\/wp-json\/wp\/v2\/posts\/1006\/revisions"}],"predecessor-version":[{"id":1007,"href":"https:\/\/prva.hr\/index.php\/wp-json\/wp\/v2\/posts\/1006\/revisions\/1007"}],"wp:attachment":[{"href":"https:\/\/prva.hr\/index.php\/wp-json\/wp\/v2\/media?parent=1006"}],"wp:term":[{"taxonomy":"category","embeddable":true,"href":"https:\/\/prva.hr\/index.php\/wp-json\/wp\/v2\/categories?post=1006"},{"taxonomy":"post_tag","embeddable":true,"href":"https:\/\/prva.hr\/index.php\/wp-json\/wp\/v2\/tags?post=1006"}],"curies":[{"name":"wp","href":"https:\/\/api.w.org\/{rel}","templated":true}]}}