{"id":10089,"date":"2021-10-18T09:12:50","date_gmt":"2021-10-18T07:12:50","guid":{"rendered":"https:\/\/www.prva.hr\/?p=10089"},"modified":"2021-10-18T09:12:50","modified_gmt":"2021-10-18T07:12:50","slug":"partnerstvo-s-goethe-institutom","status":"publish","type":"post","link":"https:\/\/prva.hr\/index.php\/2021\/10\/18\/partnerstvo-s-goethe-institutom\/","title":{"rendered":"Partnerstvo s Goethe-Institutom"},"content":{"rendered":"<p>I. gimnazija bogatija je za jo\u0161 jednu plo\u010du na sjevernom ulazu u \u0161kolu. Rije\u010d je o plo\u010di koju je \u0161kola dobila jer je pro\u0161le godine postala partner Goethe-Instituta u projektu <em>Ispiti u \u0161kolama<\/em>. Podsje\u0107amo, sedam je u\u010denika I. gimnazije uz pripreme i organizaciju nastavnice Tatjane Juki\u0107 ve\u0107 polo\u017eilo A2 razinu ispita za certifikat ovog instituta. Druge \u0107e u\u010denike nastavnica nastaviti pripremati za polaganje A1\/A2 razine ispita kako bi i oni stekli me\u0111unarodno priznati certifikat Goethe-Zertifikat A1: Fit in Deutsch 1 ili Goethe-Zertifikat A2: Fit in Deutsch 2 te tako potvrdili svoje znanje njema\u010dkog jezika.<\/p>\n<p>&nbsp;<\/p>\n<p><img decoding=\"async\" class=\"alignnone size-medium wp-image-10090 lazyload\" data-src=\"https:\/\/www.prva.hr\/wp-content\/uploads\/2021\/10\/C707A9FC-8798-4647-AE5F-2AC120F823E6-300x274.jpeg\" alt=\"\" width=\"300\" height=\"274\" data-srcset=\"https:\/\/prva.hr\/wp-content\/uploads\/2021\/10\/C707A9FC-8798-4647-AE5F-2AC120F823E6-300x274.jpeg 300w, https:\/\/prva.hr\/wp-content\/uploads\/2021\/10\/C707A9FC-8798-4647-AE5F-2AC120F823E6-768x701.jpeg 768w, https:\/\/prva.hr\/wp-content\/uploads\/2021\/10\/C707A9FC-8798-4647-AE5F-2AC120F823E6-1024x934.jpeg 1024w, https:\/\/prva.hr\/wp-content\/uploads\/2021\/10\/C707A9FC-8798-4647-AE5F-2AC120F823E6-329x300.jpeg 329w\" data-sizes=\"(max-width: 300px) 100vw, 300px\" src=\"data:image\/svg+xml;base64,PHN2ZyB3aWR0aD0iMSIgaGVpZ2h0PSIxIiB4bWxucz0iaHR0cDovL3d3dy53My5vcmcvMjAwMC9zdmciPjwvc3ZnPg==\" style=\"--smush-placeholder-width: 300px; --smush-placeholder-aspect-ratio: 300\/274;\" \/><\/p>\n","protected":false},"excerpt":{"rendered":"<p>I. gimnazija bogatija je za jo\u0161 jednu plo\u010du na sjevernom ulazu u \u0161kolu. Rije\u010d je o plo\u010di koju je \u0161kola dobila jer je pro\u0161le godine postala partner Goethe-Instituta u projektu Ispiti u \u0161kolama. Podsje\u0107amo, sedam je u\u010denika I. gimnazije uz pripreme i organizaciju nastavnice Tatjane Juki\u0107 ve\u0107 polo\u017eilo A2 razinu ispita za certifikat ovog instituta. [&hellip;]<\/p>\n","protected":false},"author":7,"featured_media":10091,"comment_status":"closed","ping_status":"closed","sticky":false,"template":"","format":"standard","meta":{"_et_pb_use_builder":"","_et_pb_old_content":"","_et_gb_content_width":"","footnotes":""},"categories":[4],"tags":[],"class_list":["post-10089","post","type-post","status-publish","format-standard","has-post-thumbnail","hentry","category-najnovije-vijesti"],"_links":{"self":[{"href":"https:\/\/prva.hr\/index.php\/wp-json\/wp\/v2\/posts\/10089","targetHints":{"allow":["GET"]}}],"collection":[{"href":"https:\/\/prva.hr\/index.php\/wp-json\/wp\/v2\/posts"}],"about":[{"href":"https:\/\/prva.hr\/index.php\/wp-json\/wp\/v2\/types\/post"}],"author":[{"embeddable":true,"href":"https:\/\/prva.hr\/index.php\/wp-json\/wp\/v2\/users\/7"}],"replies":[{"embeddable":true,"href":"https:\/\/prva.hr\/index.php\/wp-json\/wp\/v2\/comments?post=10089"}],"version-history":[{"count":1,"href":"https:\/\/prva.hr\/index.php\/wp-json\/wp\/v2\/posts\/10089\/revisions"}],"predecessor-version":[{"id":10092,"href":"https:\/\/prva.hr\/index.php\/wp-json\/wp\/v2\/posts\/10089\/revisions\/10092"}],"wp:featuredmedia":[{"embeddable":true,"href":"https:\/\/prva.hr\/index.php\/wp-json\/wp\/v2\/media\/10091"}],"wp:attachment":[{"href":"https:\/\/prva.hr\/index.php\/wp-json\/wp\/v2\/media?parent=10089"}],"wp:term":[{"taxonomy":"category","embeddable":true,"href":"https:\/\/prva.hr\/index.php\/wp-json\/wp\/v2\/categories?post=10089"},{"taxonomy":"post_tag","embeddable":true,"href":"https:\/\/prva.hr\/index.php\/wp-json\/wp\/v2\/tags?post=10089"}],"curies":[{"name":"wp","href":"https:\/\/api.w.org\/{rel}","templated":true}]}}