{"id":1014,"date":"2015-11-30T11:58:39","date_gmt":"2015-11-30T10:58:39","guid":{"rendered":"http:\/\/www2.prva.hr\/?p=1014"},"modified":"2017-08-07T11:59:23","modified_gmt":"2017-08-07T09:59:23","slug":"i-gimnazija-dobila-je-zahvalnicu-fer-a","status":"publish","type":"post","link":"https:\/\/prva.hr\/index.php\/2015\/11\/30\/i-gimnazija-dobila-je-zahvalnicu-fer-a\/","title":{"rendered":"I. gimnazija dobila je zahvalnicu FER-a"},"content":{"rendered":"<p>I. gimnazija dobila je na sve\u010danoj proslavi Dana fakulteta elektrotehnike i ra\u010dunarstva Zahvalnicu za istaknuti doprinos u srednjo\u0161kolskom obrazovanju i nagradu za najbolje rangiranog kandidata iz \u0161kole pri upisu na fakultet u akademskoj godini 2016.\/2017.<\/p>\n<p>&nbsp;<\/p>\n<p><img decoding=\"async\" data-src=\"http:\/\/www.prva.hr\/images\/pdf\/nagrada%20FER-a.jpg\" width=\"253\" height=\"358\" border=\"0\" src=\"data:image\/svg+xml;base64,PHN2ZyB3aWR0aD0iMSIgaGVpZ2h0PSIxIiB4bWxucz0iaHR0cDovL3d3dy53My5vcmcvMjAwMC9zdmciPjwvc3ZnPg==\" class=\"lazyload\" style=\"--smush-placeholder-width: 253px; --smush-placeholder-aspect-ratio: 253\/358;\" \/><\/p>\n","protected":false},"excerpt":{"rendered":"<p>I. gimnazija dobila je na sve\u010danoj proslavi Dana fakulteta elektrotehnike i ra\u010dunarstva Zahvalnicu za istaknuti doprinos u srednjo\u0161kolskom obrazovanju i nagradu za najbolje rangiranog kandidata iz \u0161kole pri upisu na fakultet u akademskoj godini 2016.\/2017. &nbsp;<\/p>\n","protected":false},"author":1,"featured_media":0,"comment_status":"closed","ping_status":"closed","sticky":false,"template":"","format":"standard","meta":{"_et_pb_use_builder":"","_et_pb_old_content":"","_et_gb_content_width":"","footnotes":""},"categories":[9],"tags":[],"class_list":["post-1014","post","type-post","status-publish","format-standard","hentry","category-arhiva"],"_links":{"self":[{"href":"https:\/\/prva.hr\/index.php\/wp-json\/wp\/v2\/posts\/1014","targetHints":{"allow":["GET"]}}],"collection":[{"href":"https:\/\/prva.hr\/index.php\/wp-json\/wp\/v2\/posts"}],"about":[{"href":"https:\/\/prva.hr\/index.php\/wp-json\/wp\/v2\/types\/post"}],"author":[{"embeddable":true,"href":"https:\/\/prva.hr\/index.php\/wp-json\/wp\/v2\/users\/1"}],"replies":[{"embeddable":true,"href":"https:\/\/prva.hr\/index.php\/wp-json\/wp\/v2\/comments?post=1014"}],"version-history":[{"count":1,"href":"https:\/\/prva.hr\/index.php\/wp-json\/wp\/v2\/posts\/1014\/revisions"}],"predecessor-version":[{"id":1015,"href":"https:\/\/prva.hr\/index.php\/wp-json\/wp\/v2\/posts\/1014\/revisions\/1015"}],"wp:attachment":[{"href":"https:\/\/prva.hr\/index.php\/wp-json\/wp\/v2\/media?parent=1014"}],"wp:term":[{"taxonomy":"category","embeddable":true,"href":"https:\/\/prva.hr\/index.php\/wp-json\/wp\/v2\/categories?post=1014"},{"taxonomy":"post_tag","embeddable":true,"href":"https:\/\/prva.hr\/index.php\/wp-json\/wp\/v2\/tags?post=1014"}],"curies":[{"name":"wp","href":"https:\/\/api.w.org\/{rel}","templated":true}]}}