{"id":10175,"date":"2021-10-25T15:26:44","date_gmt":"2021-10-25T13:26:44","guid":{"rendered":"https:\/\/www.prva.hr\/?p=10175"},"modified":"2021-10-25T15:29:36","modified_gmt":"2021-10-25T13:29:36","slug":"tecaj-turskog-jezika-i-kulture-u-i-gimnaziji","status":"publish","type":"post","link":"https:\/\/prva.hr\/index.php\/2021\/10\/25\/tecaj-turskog-jezika-i-kulture-u-i-gimnaziji\/","title":{"rendered":"Te\u010daj turskog jezika i kulture u I. gimnaziji"},"content":{"rendered":"<p>U petak, 22. listopada, u I. gimnaziji odr\u017eao se posljednji od triju susreta unutar kratkog te\u010daja turskog jezika i kulture naziva\u00a0<i>Prozor u turski svijet<\/i>. Te\u010daj je pripremila i u listopadu za djelatnike i u\u010denike \u0161kole odr\u017eala pedagoginja i turkologinja Marina Me\u0161trovi\u0107. Tijekom tri susreta u trajanju od 9 \u0161kolskih sati, \u010detrnaest se polaznika te\u010daja upoznalo s osnovnim karakteristikama turskog jezika, turskom abecedom, brojevima, izgovorom i nagla\u0161avanjem rije\u010di.\u00a0 Tako\u0111er se razgovaralo o turskoj kulturi gostoprimstva, turskoj kavi i \u010daju, turskim obi\u010dajima i turcizmima u hrvatskom jeziku, a polaznici su mogli vje\u017ebati i komunikaciju na ovom jeziku. Na posljednjem je susretu gostovala studentica pete godine turkologije Lucija \u017dili\u0107 kako bi predstavila aktivnosti Kluba studenata turkologije na Filozofskom fakultetu u Zagrebu.<\/p>\n<p>Ovo je prvi put da su turski jezik i kultura unutar jednog projekta prona\u0161li svoje mjesto u \u0160kolskom kurikulumu I. gimnazije, a nadamo se ne i posljednji!<\/p>\n<p>Marina Me\u0161trovi\u0107,<\/p>\n<p>stru\u010dna suradnica pedagoginja<\/p>\n<p>&nbsp;<\/p>\n<p><img decoding=\"async\" class=\"alignnone size-medium wp-image-10176 lazyload\" data-src=\"https:\/\/www.prva.hr\/wp-content\/uploads\/2021\/10\/20211008_140802-kopija-predlo\u0161ka--300x225.jpg\" alt=\"\" width=\"300\" height=\"225\" data-srcset=\"https:\/\/prva.hr\/wp-content\/uploads\/2021\/10\/20211008_140802-kopija-predlo\u0161ka--300x225.jpg 300w, https:\/\/prva.hr\/wp-content\/uploads\/2021\/10\/20211008_140802-kopija-predlo\u0161ka--768x576.jpg 768w, https:\/\/prva.hr\/wp-content\/uploads\/2021\/10\/20211008_140802-kopija-predlo\u0161ka--1024x768.jpg 1024w, https:\/\/prva.hr\/wp-content\/uploads\/2021\/10\/20211008_140802-kopija-predlo\u0161ka--400x300.jpg 400w\" data-sizes=\"(max-width: 300px) 100vw, 300px\" src=\"data:image\/svg+xml;base64,PHN2ZyB3aWR0aD0iMSIgaGVpZ2h0PSIxIiB4bWxucz0iaHR0cDovL3d3dy53My5vcmcvMjAwMC9zdmciPjwvc3ZnPg==\" style=\"--smush-placeholder-width: 300px; --smush-placeholder-aspect-ratio: 300\/225;\" \/>\u00a0 \u00a0 \u00a0 \u00a0<img decoding=\"async\" class=\"alignnone size-medium wp-image-10177 lazyload\" data-src=\"https:\/\/www.prva.hr\/wp-content\/uploads\/2021\/10\/20211008_140930-300x225.jpg\" alt=\"\" width=\"300\" height=\"225\" data-srcset=\"https:\/\/prva.hr\/wp-content\/uploads\/2021\/10\/20211008_140930-300x225.jpg 300w, https:\/\/prva.hr\/wp-content\/uploads\/2021\/10\/20211008_140930-768x576.jpg 768w, https:\/\/prva.hr\/wp-content\/uploads\/2021\/10\/20211008_140930-1024x768.jpg 1024w, https:\/\/prva.hr\/wp-content\/uploads\/2021\/10\/20211008_140930-400x300.jpg 400w\" data-sizes=\"(max-width: 300px) 100vw, 300px\" src=\"data:image\/svg+xml;base64,PHN2ZyB3aWR0aD0iMSIgaGVpZ2h0PSIxIiB4bWxucz0iaHR0cDovL3d3dy53My5vcmcvMjAwMC9zdmciPjwvc3ZnPg==\" style=\"--smush-placeholder-width: 300px; --smush-placeholder-aspect-ratio: 300\/225;\" \/>\u00a0 \u00a0 \u00a0<img decoding=\"async\" class=\"alignnone size-medium wp-image-10179 lazyload\" data-src=\"https:\/\/www.prva.hr\/wp-content\/uploads\/2021\/10\/20211022_141423-300x225.jpg\" alt=\"\" width=\"300\" height=\"225\" data-srcset=\"https:\/\/prva.hr\/wp-content\/uploads\/2021\/10\/20211022_141423-300x225.jpg 300w, https:\/\/prva.hr\/wp-content\/uploads\/2021\/10\/20211022_141423-768x576.jpg 768w, https:\/\/prva.hr\/wp-content\/uploads\/2021\/10\/20211022_141423-1024x768.jpg 1024w, https:\/\/prva.hr\/wp-content\/uploads\/2021\/10\/20211022_141423-400x300.jpg 400w\" data-sizes=\"(max-width: 300px) 100vw, 300px\" src=\"data:image\/svg+xml;base64,PHN2ZyB3aWR0aD0iMSIgaGVpZ2h0PSIxIiB4bWxucz0iaHR0cDovL3d3dy53My5vcmcvMjAwMC9zdmciPjwvc3ZnPg==\" style=\"--smush-placeholder-width: 300px; --smush-placeholder-aspect-ratio: 300\/225;\" \/>\u00a0 \u00a0 \u00a0 \u00a0<img decoding=\"async\" class=\"alignnone size-medium wp-image-10181 lazyload\" data-src=\"https:\/\/www.prva.hr\/wp-content\/uploads\/2021\/10\/20211022_150043-300x225.jpg\" alt=\"\" width=\"300\" height=\"225\" data-srcset=\"https:\/\/prva.hr\/wp-content\/uploads\/2021\/10\/20211022_150043-300x225.jpg 300w, https:\/\/prva.hr\/wp-content\/uploads\/2021\/10\/20211022_150043-768x576.jpg 768w, https:\/\/prva.hr\/wp-content\/uploads\/2021\/10\/20211022_150043-1024x768.jpg 1024w, https:\/\/prva.hr\/wp-content\/uploads\/2021\/10\/20211022_150043-400x300.jpg 400w\" data-sizes=\"(max-width: 300px) 100vw, 300px\" src=\"data:image\/svg+xml;base64,PHN2ZyB3aWR0aD0iMSIgaGVpZ2h0PSIxIiB4bWxucz0iaHR0cDovL3d3dy53My5vcmcvMjAwMC9zdmciPjwvc3ZnPg==\" style=\"--smush-placeholder-width: 300px; --smush-placeholder-aspect-ratio: 300\/225;\" \/>\u00a0 \u00a0 \u00a0 \u00a0\u00a0<img decoding=\"async\" class=\"alignnone size-medium wp-image-10182 lazyload\" data-src=\"https:\/\/www.prva.hr\/wp-content\/uploads\/2021\/10\/20211022_153121-300x225.jpg\" alt=\"\" width=\"300\" height=\"225\" data-srcset=\"https:\/\/prva.hr\/wp-content\/uploads\/2021\/10\/20211022_153121-300x225.jpg 300w, https:\/\/prva.hr\/wp-content\/uploads\/2021\/10\/20211022_153121-768x576.jpg 768w, https:\/\/prva.hr\/wp-content\/uploads\/2021\/10\/20211022_153121-1024x768.jpg 1024w, https:\/\/prva.hr\/wp-content\/uploads\/2021\/10\/20211022_153121-400x300.jpg 400w\" data-sizes=\"(max-width: 300px) 100vw, 300px\" src=\"data:image\/svg+xml;base64,PHN2ZyB3aWR0aD0iMSIgaGVpZ2h0PSIxIiB4bWxucz0iaHR0cDovL3d3dy53My5vcmcvMjAwMC9zdmciPjwvc3ZnPg==\" style=\"--smush-placeholder-width: 300px; --smush-placeholder-aspect-ratio: 300\/225;\" \/>\u00a0\u00a0\u00a0\u00a0<img decoding=\"async\" class=\"alignnone size-medium wp-image-10180 lazyload\" data-src=\"https:\/\/www.prva.hr\/wp-content\/uploads\/2021\/10\/20211022_142259-300x225.jpg\" alt=\"\" width=\"300\" height=\"225\" data-srcset=\"https:\/\/prva.hr\/wp-content\/uploads\/2021\/10\/20211022_142259-300x225.jpg 300w, https:\/\/prva.hr\/wp-content\/uploads\/2021\/10\/20211022_142259-768x576.jpg 768w, https:\/\/prva.hr\/wp-content\/uploads\/2021\/10\/20211022_142259-1024x768.jpg 1024w, https:\/\/prva.hr\/wp-content\/uploads\/2021\/10\/20211022_142259-400x300.jpg 400w\" data-sizes=\"(max-width: 300px) 100vw, 300px\" src=\"data:image\/svg+xml;base64,PHN2ZyB3aWR0aD0iMSIgaGVpZ2h0PSIxIiB4bWxucz0iaHR0cDovL3d3dy53My5vcmcvMjAwMC9zdmciPjwvc3ZnPg==\" style=\"--smush-placeholder-width: 300px; --smush-placeholder-aspect-ratio: 300\/225;\" \/><img decoding=\"async\" class=\"alignnone size-medium wp-image-10183 lazyload\" data-src=\"https:\/\/www.prva.hr\/wp-content\/uploads\/2021\/10\/20211022_155019-225x300.jpg\" alt=\"\" width=\"225\" height=\"300\" data-srcset=\"https:\/\/prva.hr\/wp-content\/uploads\/2021\/10\/20211022_155019-225x300.jpg 225w, https:\/\/prva.hr\/wp-content\/uploads\/2021\/10\/20211022_155019-768x1024.jpg 768w\" data-sizes=\"(max-width: 225px) 100vw, 225px\" src=\"data:image\/svg+xml;base64,PHN2ZyB3aWR0aD0iMSIgaGVpZ2h0PSIxIiB4bWxucz0iaHR0cDovL3d3dy53My5vcmcvMjAwMC9zdmciPjwvc3ZnPg==\" style=\"--smush-placeholder-width: 225px; --smush-placeholder-aspect-ratio: 225\/300;\" \/><\/p>\n<p>&nbsp;<\/p>\n","protected":false},"excerpt":{"rendered":"<p>U petak, 22. listopada, u I. gimnaziji odr\u017eao se posljednji od triju susreta unutar kratkog te\u010daja turskog jezika i kulture naziva\u00a0Prozor u turski svijet. Te\u010daj je pripremila i u listopadu za djelatnike i u\u010denike \u0161kole odr\u017eala pedagoginja i turkologinja Marina Me\u0161trovi\u0107. Tijekom tri susreta u trajanju od 9 \u0161kolskih sati, \u010detrnaest se polaznika te\u010daja upoznalo [&hellip;]<\/p>\n","protected":false},"author":7,"featured_media":10184,"comment_status":"closed","ping_status":"closed","sticky":false,"template":"","format":"standard","meta":{"_et_pb_use_builder":"","_et_pb_old_content":"","_et_gb_content_width":"","footnotes":""},"categories":[4],"tags":[],"class_list":["post-10175","post","type-post","status-publish","format-standard","has-post-thumbnail","hentry","category-najnovije-vijesti"],"_links":{"self":[{"href":"https:\/\/prva.hr\/index.php\/wp-json\/wp\/v2\/posts\/10175","targetHints":{"allow":["GET"]}}],"collection":[{"href":"https:\/\/prva.hr\/index.php\/wp-json\/wp\/v2\/posts"}],"about":[{"href":"https:\/\/prva.hr\/index.php\/wp-json\/wp\/v2\/types\/post"}],"author":[{"embeddable":true,"href":"https:\/\/prva.hr\/index.php\/wp-json\/wp\/v2\/users\/7"}],"replies":[{"embeddable":true,"href":"https:\/\/prva.hr\/index.php\/wp-json\/wp\/v2\/comments?post=10175"}],"version-history":[{"count":5,"href":"https:\/\/prva.hr\/index.php\/wp-json\/wp\/v2\/posts\/10175\/revisions"}],"predecessor-version":[{"id":10189,"href":"https:\/\/prva.hr\/index.php\/wp-json\/wp\/v2\/posts\/10175\/revisions\/10189"}],"wp:featuredmedia":[{"embeddable":true,"href":"https:\/\/prva.hr\/index.php\/wp-json\/wp\/v2\/media\/10184"}],"wp:attachment":[{"href":"https:\/\/prva.hr\/index.php\/wp-json\/wp\/v2\/media?parent=10175"}],"wp:term":[{"taxonomy":"category","embeddable":true,"href":"https:\/\/prva.hr\/index.php\/wp-json\/wp\/v2\/categories?post=10175"},{"taxonomy":"post_tag","embeddable":true,"href":"https:\/\/prva.hr\/index.php\/wp-json\/wp\/v2\/tags?post=10175"}],"curies":[{"name":"wp","href":"https:\/\/api.w.org\/{rel}","templated":true}]}}