{"id":10199,"date":"2021-10-27T12:29:12","date_gmt":"2021-10-27T10:29:12","guid":{"rendered":"https:\/\/www.prva.hr\/?p=10199"},"modified":"2021-10-27T12:45:56","modified_gmt":"2021-10-27T10:45:56","slug":"nagrade-ministarstva-znanosti-i-obrazovanja-najuciteljima","status":"publish","type":"post","link":"https:\/\/prva.hr\/index.php\/2021\/10\/27\/nagrade-ministarstva-znanosti-i-obrazovanja-najuciteljima\/","title":{"rendered":"Nagrada Ministarstva znanosti i obrazovanja naju\u010diteljima u \u0161k. god. 2020.\/21."},"content":{"rendered":"<p>U petak <strong>22.10. 2021.<\/strong> ravnateljica I. gimnazije Dunja Maru\u0161i\u0107 Brezeti\u0107\u00a0 predala je nagradu Ministarstva znanosti i obrazovanja profesoricama I. gimnazije <strong>Gordani Sekuli\u0107 \u0160tiv\u010devi\u0107\u00a0 i\u00a0 Meri Matu\u0161an,<\/strong> koje su izabrane od strane Povjerenstva\u00a0za nagra\u0111ivanje izme\u0111u <strong>511\u00a0najuspje\u0161nijih<\/strong> odgojno-obrazovnih djelatnika u podru\u010dju obrazovanja u <strong>\u0161kolskoj godini 2020.\/2021.<\/strong><\/p>\n<p>Ministarstvo znanosti i obrazovanja sustavno nagra\u0111uje istaknute pojedince koji kontinuirano unaprje\u0111uju odgojno-obrazovni sustav Republike Hrvatske.<\/p>\n<p>Povodom Dana u\u010ditelja 5. listopada 2021. ministar prof. dr. sc. Radovan Fuchs virutalno je \u010destitao svim nagra\u0111enim odgojno-obrazovnim djelatnicima.<\/p>\n<p><img decoding=\"async\" class=\"size-medium wp-image-10208 aligncenter lazyload\" data-src=\"https:\/\/www.prva.hr\/wp-content\/uploads\/2021\/10\/naju\u010ditelj-2-238x300.jpg\" alt=\"\" width=\"238\" height=\"300\" data-srcset=\"https:\/\/prva.hr\/wp-content\/uploads\/2021\/10\/naju\u010ditelj-2-238x300.jpg 238w, https:\/\/prva.hr\/wp-content\/uploads\/2021\/10\/naju\u010ditelj-2-768x968.jpg 768w, https:\/\/prva.hr\/wp-content\/uploads\/2021\/10\/naju\u010ditelj-2-812x1024.jpg 812w\" data-sizes=\"(max-width: 238px) 100vw, 238px\" src=\"data:image\/svg+xml;base64,PHN2ZyB3aWR0aD0iMSIgaGVpZ2h0PSIxIiB4bWxucz0iaHR0cDovL3d3dy53My5vcmcvMjAwMC9zdmciPjwvc3ZnPg==\" style=\"--smush-placeholder-width: 238px; --smush-placeholder-aspect-ratio: 238\/300;\" \/><\/p>\n<p style=\"text-align: center;\">Sl. 1. Ravnateljica Dunja Maru\u0161i\u0107 Brezeti\u0107 predala je nagradu Ministarstva znanosti i obrazovanja za najuspje\u0161nije odgojno- obrazovne djelatnike u \u0161k. god. 2020.\/21.<\/p>\n<p style=\"text-align: center;\">prof. Gordani Sekuli\u0107 \u0160tiv\u010devi\u0107 i prof. Meri Matu\u0161an<\/p>\n<p>&nbsp;<\/p>\n<p>&nbsp;<\/p>\n","protected":false},"excerpt":{"rendered":"<p>U petak 22.10. 2021. ravnateljica I. gimnazije Dunja Maru\u0161i\u0107 Brezeti\u0107\u00a0 predala je nagradu Ministarstva znanosti i obrazovanja profesoricama I. gimnazije Gordani Sekuli\u0107 \u0160tiv\u010devi\u0107\u00a0 i\u00a0 Meri Matu\u0161an, koje su izabrane od strane Povjerenstva\u00a0za nagra\u0111ivanje izme\u0111u 511\u00a0najuspje\u0161nijih odgojno-obrazovnih djelatnika u podru\u010dju obrazovanja u \u0161kolskoj godini 2020.\/2021. Ministarstvo znanosti i obrazovanja sustavno nagra\u0111uje istaknute pojedince koji kontinuirano unaprje\u0111uju [&hellip;]<\/p>\n","protected":false},"author":6,"featured_media":10206,"comment_status":"closed","ping_status":"closed","sticky":false,"template":"","format":"standard","meta":{"_et_pb_use_builder":"","_et_pb_old_content":"","_et_gb_content_width":"","footnotes":""},"categories":[4],"tags":[],"class_list":["post-10199","post","type-post","status-publish","format-standard","has-post-thumbnail","hentry","category-najnovije-vijesti"],"_links":{"self":[{"href":"https:\/\/prva.hr\/index.php\/wp-json\/wp\/v2\/posts\/10199","targetHints":{"allow":["GET"]}}],"collection":[{"href":"https:\/\/prva.hr\/index.php\/wp-json\/wp\/v2\/posts"}],"about":[{"href":"https:\/\/prva.hr\/index.php\/wp-json\/wp\/v2\/types\/post"}],"author":[{"embeddable":true,"href":"https:\/\/prva.hr\/index.php\/wp-json\/wp\/v2\/users\/6"}],"replies":[{"embeddable":true,"href":"https:\/\/prva.hr\/index.php\/wp-json\/wp\/v2\/comments?post=10199"}],"version-history":[{"count":12,"href":"https:\/\/prva.hr\/index.php\/wp-json\/wp\/v2\/posts\/10199\/revisions"}],"predecessor-version":[{"id":10218,"href":"https:\/\/prva.hr\/index.php\/wp-json\/wp\/v2\/posts\/10199\/revisions\/10218"}],"wp:featuredmedia":[{"embeddable":true,"href":"https:\/\/prva.hr\/index.php\/wp-json\/wp\/v2\/media\/10206"}],"wp:attachment":[{"href":"https:\/\/prva.hr\/index.php\/wp-json\/wp\/v2\/media?parent=10199"}],"wp:term":[{"taxonomy":"category","embeddable":true,"href":"https:\/\/prva.hr\/index.php\/wp-json\/wp\/v2\/categories?post=10199"},{"taxonomy":"post_tag","embeddable":true,"href":"https:\/\/prva.hr\/index.php\/wp-json\/wp\/v2\/tags?post=10199"}],"curies":[{"name":"wp","href":"https:\/\/api.w.org\/{rel}","templated":true}]}}