{"id":1030,"date":"2016-02-15T12:13:02","date_gmt":"2016-02-15T11:13:02","guid":{"rendered":"http:\/\/www2.prva.hr\/?p=1030"},"modified":"2017-08-07T12:14:08","modified_gmt":"2017-08-07T10:14:08","slug":"1030","status":"publish","type":"post","link":"https:\/\/prva.hr\/index.php\/2016\/02\/15\/1030\/","title":{"rendered":"Edukativna izlo\u017eba plakata &#8220;Hrvatska iz zraka&#8221;"},"content":{"rendered":"<p>Na drugom katu \u0160kole postavljena je edukativna izlo\u017eba plakata &#8220;Hrvatska iz zraka&#8221; koju \u010dine 30 plakata koji prikazuju fotografije Hrvatske snimane iz zraka. Na plakatima su prikazani motivi Hrvatske kroz godi\u0161nja doba a sadr\u017eaj plakata su ljudi, razne znamenitosti, more i otoci, obi\u010daji ljudi i sl..<\/p>\n<p>Jo\u0161 neke fotografije izlo\u017eenih plakata mo\u017eete vidjeti pod op\u0161irnije<\/p>\n<p>&nbsp;<\/p>\n<p><img decoding=\"async\" data-src=\"http:\/\/www.prva.hr\/images\/pdf\/i-1.JPG\" width=\"301\" height=\"200\" border=\"0\" src=\"data:image\/svg+xml;base64,PHN2ZyB3aWR0aD0iMSIgaGVpZ2h0PSIxIiB4bWxucz0iaHR0cDovL3d3dy53My5vcmcvMjAwMC9zdmciPjwvc3ZnPg==\" class=\"lazyload\" style=\"--smush-placeholder-width: 301px; --smush-placeholder-aspect-ratio: 301\/200;\" \/><\/p>\n<p><strong>Fotografije plakata &#8220;Hrvatska iz zraka&#8221; izlo\u017eenih na 2. katu \u0160kole<\/strong><\/p>\n<p>&nbsp;<\/p>\n<p>&nbsp;<\/p>\n<p><img decoding=\"async\" data-src=\"http:\/\/www.prva.hr\/images\/pdf\/i-2.JPG\" width=\"301\" height=\"200\" border=\"0\" src=\"data:image\/svg+xml;base64,PHN2ZyB3aWR0aD0iMSIgaGVpZ2h0PSIxIiB4bWxucz0iaHR0cDovL3d3dy53My5vcmcvMjAwMC9zdmciPjwvc3ZnPg==\" class=\"lazyload\" style=\"--smush-placeholder-width: 301px; --smush-placeholder-aspect-ratio: 301\/200;\" \/><\/p>\n<p>&nbsp;<\/p>\n<p><img decoding=\"async\" data-src=\"http:\/\/www.prva.hr\/images\/pdf\/i-3.JPG\" width=\"301\" height=\"200\" border=\"0\" src=\"data:image\/svg+xml;base64,PHN2ZyB3aWR0aD0iMSIgaGVpZ2h0PSIxIiB4bWxucz0iaHR0cDovL3d3dy53My5vcmcvMjAwMC9zdmciPjwvc3ZnPg==\" class=\"lazyload\" style=\"--smush-placeholder-width: 301px; --smush-placeholder-aspect-ratio: 301\/200;\" \/><\/p>\n<p>&nbsp;<\/p>\n<p><img decoding=\"async\" data-src=\"http:\/\/www.prva.hr\/images\/pdf\/i-4.JPG\" width=\"301\" height=\"200\" border=\"0\" src=\"data:image\/svg+xml;base64,PHN2ZyB3aWR0aD0iMSIgaGVpZ2h0PSIxIiB4bWxucz0iaHR0cDovL3d3dy53My5vcmcvMjAwMC9zdmciPjwvc3ZnPg==\" class=\"lazyload\" style=\"--smush-placeholder-width: 301px; --smush-placeholder-aspect-ratio: 301\/200;\" \/><\/p>\n<p>&nbsp;<\/p>\n<p><img decoding=\"async\" data-src=\"http:\/\/www.prva.hr\/images\/pdf\/i-5.JPG\" width=\"301\" height=\"200\" border=\"0\" src=\"data:image\/svg+xml;base64,PHN2ZyB3aWR0aD0iMSIgaGVpZ2h0PSIxIiB4bWxucz0iaHR0cDovL3d3dy53My5vcmcvMjAwMC9zdmciPjwvc3ZnPg==\" class=\"lazyload\" style=\"--smush-placeholder-width: 301px; --smush-placeholder-aspect-ratio: 301\/200;\" \/><\/p>\n<p><span class=\"article_separator\">\u00a0<\/span><\/p>\n","protected":false},"excerpt":{"rendered":"<p>Na drugom katu \u0160kole postavljena je edukativna izlo\u017eba plakata &#8220;Hrvatska iz zraka&#8221; koju \u010dine 30 plakata koji prikazuju fotografije Hrvatske snimane iz zraka. Na plakatima su prikazani motivi Hrvatske kroz godi\u0161nja doba a sadr\u017eaj plakata su ljudi, razne znamenitosti, more i otoci, obi\u010daji ljudi i sl.. Jo\u0161 neke fotografije izlo\u017eenih plakata mo\u017eete vidjeti pod op\u0161irnije [&hellip;]<\/p>\n","protected":false},"author":1,"featured_media":0,"comment_status":"closed","ping_status":"closed","sticky":false,"template":"","format":"standard","meta":{"_et_pb_use_builder":"","_et_pb_old_content":"","_et_gb_content_width":"","footnotes":""},"categories":[9],"tags":[],"class_list":["post-1030","post","type-post","status-publish","format-standard","hentry","category-arhiva"],"_links":{"self":[{"href":"https:\/\/prva.hr\/index.php\/wp-json\/wp\/v2\/posts\/1030","targetHints":{"allow":["GET"]}}],"collection":[{"href":"https:\/\/prva.hr\/index.php\/wp-json\/wp\/v2\/posts"}],"about":[{"href":"https:\/\/prva.hr\/index.php\/wp-json\/wp\/v2\/types\/post"}],"author":[{"embeddable":true,"href":"https:\/\/prva.hr\/index.php\/wp-json\/wp\/v2\/users\/1"}],"replies":[{"embeddable":true,"href":"https:\/\/prva.hr\/index.php\/wp-json\/wp\/v2\/comments?post=1030"}],"version-history":[{"count":2,"href":"https:\/\/prva.hr\/index.php\/wp-json\/wp\/v2\/posts\/1030\/revisions"}],"predecessor-version":[{"id":1032,"href":"https:\/\/prva.hr\/index.php\/wp-json\/wp\/v2\/posts\/1030\/revisions\/1032"}],"wp:attachment":[{"href":"https:\/\/prva.hr\/index.php\/wp-json\/wp\/v2\/media?parent=1030"}],"wp:term":[{"taxonomy":"category","embeddable":true,"href":"https:\/\/prva.hr\/index.php\/wp-json\/wp\/v2\/categories?post=1030"},{"taxonomy":"post_tag","embeddable":true,"href":"https:\/\/prva.hr\/index.php\/wp-json\/wp\/v2\/tags?post=1030"}],"curies":[{"name":"wp","href":"https:\/\/api.w.org\/{rel}","templated":true}]}}