{"id":1033,"date":"2016-02-17T12:14:14","date_gmt":"2016-02-17T11:14:14","guid":{"rendered":"http:\/\/www2.prva.hr\/?p=1033"},"modified":"2017-08-07T12:15:01","modified_gmt":"2017-08-07T10:15:01","slug":"noc-knjige-2016-ja-sam-pisac","status":"publish","type":"post","link":"https:\/\/prva.hr\/index.php\/2016\/02\/17\/noc-knjige-2016-ja-sam-pisac\/","title":{"rendered":"No\u0107 knjige 2016. &#8211; &#8220;JA SAM PISAC!&#8221;"},"content":{"rendered":"<p>I. gimnazija sudjeluje u\u00a0literarnom nagradnom natje\u010daju &#8220;Znanja&#8221; povodom No\u0107i knjige.\u00a0Mole se zainteresirani u\u010denici da se jave svojim profesorima hrvatskoga jezika kako bi se na vrijeme prijavili na natje\u010daj.<\/p>\n<p>Detaljnije informacije mo\u017eete pro\u010ditati pod op\u0161irnije.<\/p>\n<p>Povodom manifestacije <em style=\"color: #000000; line-height: 20px; font-family: 'Lucida Grande', 'Lucida Sans Unicode', Arial, sans-serif; font-size: 13.33px;\">No\u0107 knjige<\/em> 2016., kojom se obilje\u017eava <strong>Svjetski dan knjige i autorskih prava<\/strong>, nakladni\u010dka ku\u0107a &#8220;<em style=\"color: #000000; line-height: 20px; font-family: 'Lucida Grande', 'Lucida Sans Unicode', Arial, sans-serif; font-size: 13.33px;\">Znanje<\/em>&#8221; organizira nagradni natje\u010daj za u\u010denike &#8220;<strong style=\"line-height: 20px; font-family: 'Lucida Grande', 'Lucida Sans Unicode', Arial, sans-serif; font-size: 13.33px;\">Ja sam pisac<\/strong>&#8221; u svrhu promicanja ljubavi prema knjizi, \u010ditanju i knji\u017eevnom stvarala\u0161tvu s ciljem populariziranja knjige me\u0111u mladim nara\u0161tajima.\u00a0<strong>Literarni natje\u010daj za<\/strong> <strong style=\"color: #000000; line-height: 20px; font-family: 'Lucida Grande', 'Lucida Sans Unicode', Arial, sans-serif; font-size: 13.33px;\">kratku pri\u010du<\/strong> mo\u017ee biti unutar jedne od \u010detiri ponu\u0111enih\u00a0tematskih kategorija:<\/p>\n<p>&nbsp;<\/p>\n<p>&nbsp;<\/p>\n<ul>\n<li>ljubavna pri\u010da<\/li>\n<\/ul>\n<ul>\n<li>krimi-triler pri\u010da<\/li>\n<\/ul>\n<ul>\n<li>povijesna pri\u010da<\/li>\n<\/ul>\n<ul>\n<li>paranormalna, fantasy ili SF pri\u010da<\/li>\n<\/ul>\n<p>No\u0107 knjige obilje\u017eava se\u00a0<strong>22. travnja 2016.<\/strong> godine, a ove je godine jubilarno posve\u0107ena 400. obljetnici smrti <strong>Williama Shakespearea<\/strong> i <strong>Miguela de Cervantesa<\/strong> &#8211; godini kojom zapo\u010dinje renesansa u umjetnosti kao i stogodi\u0161njici od prvog objavljivanja &#8220;<strong>Pri\u010da iz davnine<\/strong>&#8221; <strong>Ivane Brli\u0107-Ma\u017eurani\u0107<\/strong>! Natje\u010daj traje od 20. velja\u010de do 5. travnja 2016. godine. Molimo na\u0161e u\u010denike da se jave svojim profesorima hrvatskoga jezika kako bismo se na vrijeme prijavili na natje\u010daj. Za svakoga sudionika natje\u010daja predvi\u0111ena je\u00a0nagradna knjiga!<\/p>\n<ul>\n<li><a href=\"https:\/\/drive.google.com\/file\/d\/0B2Yvpw-OKhI9VW1zN2gtWXVYWHM\/view\" target=\"_blank\">Ja sam pisac<\/a><\/li>\n<\/ul>\n<ul>\n<li><a href=\"http:\/\/us6.campaign-archive1.com\/?u=780111dcff99929864d4be470&amp;id=bf34d0af3c&amp;e=b426e61b05\" target=\"_blank\">No\u0107 knjige<\/a><\/li>\n<\/ul>\n","protected":false},"excerpt":{"rendered":"<p>I. gimnazija sudjeluje u\u00a0literarnom nagradnom natje\u010daju &#8220;Znanja&#8221; povodom No\u0107i knjige.\u00a0Mole se zainteresirani u\u010denici da se jave svojim profesorima hrvatskoga jezika kako bi se na vrijeme prijavili na natje\u010daj. Detaljnije informacije mo\u017eete pro\u010ditati pod op\u0161irnije. Povodom manifestacije No\u0107 knjige 2016., kojom se obilje\u017eava Svjetski dan knjige i autorskih prava, nakladni\u010dka ku\u0107a &#8220;Znanje&#8221; organizira nagradni natje\u010daj za [&hellip;]<\/p>\n","protected":false},"author":1,"featured_media":0,"comment_status":"closed","ping_status":"closed","sticky":false,"template":"","format":"standard","meta":{"_et_pb_use_builder":"","_et_pb_old_content":"","_et_gb_content_width":"","footnotes":""},"categories":[9],"tags":[],"class_list":["post-1033","post","type-post","status-publish","format-standard","hentry","category-arhiva"],"_links":{"self":[{"href":"https:\/\/prva.hr\/index.php\/wp-json\/wp\/v2\/posts\/1033","targetHints":{"allow":["GET"]}}],"collection":[{"href":"https:\/\/prva.hr\/index.php\/wp-json\/wp\/v2\/posts"}],"about":[{"href":"https:\/\/prva.hr\/index.php\/wp-json\/wp\/v2\/types\/post"}],"author":[{"embeddable":true,"href":"https:\/\/prva.hr\/index.php\/wp-json\/wp\/v2\/users\/1"}],"replies":[{"embeddable":true,"href":"https:\/\/prva.hr\/index.php\/wp-json\/wp\/v2\/comments?post=1033"}],"version-history":[{"count":1,"href":"https:\/\/prva.hr\/index.php\/wp-json\/wp\/v2\/posts\/1033\/revisions"}],"predecessor-version":[{"id":1034,"href":"https:\/\/prva.hr\/index.php\/wp-json\/wp\/v2\/posts\/1033\/revisions\/1034"}],"wp:attachment":[{"href":"https:\/\/prva.hr\/index.php\/wp-json\/wp\/v2\/media?parent=1033"}],"wp:term":[{"taxonomy":"category","embeddable":true,"href":"https:\/\/prva.hr\/index.php\/wp-json\/wp\/v2\/categories?post=1033"},{"taxonomy":"post_tag","embeddable":true,"href":"https:\/\/prva.hr\/index.php\/wp-json\/wp\/v2\/tags?post=1033"}],"curies":[{"name":"wp","href":"https:\/\/api.w.org\/{rel}","templated":true}]}}