{"id":1047,"date":"2016-03-02T12:20:43","date_gmt":"2016-03-02T11:20:43","guid":{"rendered":"http:\/\/www2.prva.hr\/?p=1047"},"modified":"2017-08-07T12:21:12","modified_gmt":"2017-08-07T10:21:12","slug":"lidrano-2016","status":"publish","type":"post","link":"https:\/\/prva.hr\/index.php\/2016\/03\/02\/lidrano-2016\/","title":{"rendered":"LiDraNo 2016."},"content":{"rendered":"<p>Na <strong>dr\u017eavnu razinu<\/strong><strong> smotre LiDraNo<\/strong> plasirali su se:<\/p>\n<ul>\n<li>FILIP SEVER, 4.a s monologom Alessandra Baricca &#8220;<strong>Novecento<\/strong>&#8221; (pojedina\u010dni scenski nastup)<\/li>\n<li>Dramska dru\u017eina &#8220;<em>Gordogan<\/em>&#8221; s dramom\u00a0Miroslava Krle\u017ee\u00a0&#8220;<strong>Adam i Eva<\/strong>&#8221; (skupni scenski nastup)<\/li>\n<\/ul>\n<div>\u010cestitamo u\u010denicima i njihovom mentoru, profesoru Ivanu Janji\u0107u!<\/div>\n<p>&nbsp;<\/p>\n<p>&nbsp;<\/p>\n<p><img decoding=\"async\" data-src=\"http:\/\/www.prva.hr\/images\/pdf\/lidrano5.jpg\" width=\"222\" height=\"333\" border=\"0\" src=\"data:image\/svg+xml;base64,PHN2ZyB3aWR0aD0iMSIgaGVpZ2h0PSIxIiB4bWxucz0iaHR0cDovL3d3dy53My5vcmcvMjAwMC9zdmciPjwvc3ZnPg==\" class=\"lazyload\" style=\"--smush-placeholder-width: 222px; --smush-placeholder-aspect-ratio: 222\/333;\" \/><\/p>\n<p>&nbsp;<\/p>\n<p><img decoding=\"async\" data-src=\"http:\/\/www.prva.hr\/images\/pdf\/lidrano3.jpg\" width=\"350\" height=\"233\" border=\"0\" src=\"data:image\/svg+xml;base64,PHN2ZyB3aWR0aD0iMSIgaGVpZ2h0PSIxIiB4bWxucz0iaHR0cDovL3d3dy53My5vcmcvMjAwMC9zdmciPjwvc3ZnPg==\" class=\"lazyload\" style=\"--smush-placeholder-width: 350px; --smush-placeholder-aspect-ratio: 350\/233;\" \/><\/p>\n","protected":false},"excerpt":{"rendered":"<p>Na dr\u017eavnu razinu smotre LiDraNo plasirali su se: FILIP SEVER, 4.a s monologom Alessandra Baricca &#8220;Novecento&#8221; (pojedina\u010dni scenski nastup) Dramska dru\u017eina &#8220;Gordogan&#8221; s dramom\u00a0Miroslava Krle\u017ee\u00a0&#8220;Adam i Eva&#8221; (skupni scenski nastup) \u010cestitamo u\u010denicima i njihovom mentoru, profesoru Ivanu Janji\u0107u! &nbsp; &nbsp; &nbsp;<\/p>\n","protected":false},"author":1,"featured_media":0,"comment_status":"closed","ping_status":"closed","sticky":false,"template":"","format":"standard","meta":{"_et_pb_use_builder":"","_et_pb_old_content":"","_et_gb_content_width":"","footnotes":""},"categories":[9],"tags":[],"class_list":["post-1047","post","type-post","status-publish","format-standard","hentry","category-arhiva"],"_links":{"self":[{"href":"https:\/\/prva.hr\/index.php\/wp-json\/wp\/v2\/posts\/1047","targetHints":{"allow":["GET"]}}],"collection":[{"href":"https:\/\/prva.hr\/index.php\/wp-json\/wp\/v2\/posts"}],"about":[{"href":"https:\/\/prva.hr\/index.php\/wp-json\/wp\/v2\/types\/post"}],"author":[{"embeddable":true,"href":"https:\/\/prva.hr\/index.php\/wp-json\/wp\/v2\/users\/1"}],"replies":[{"embeddable":true,"href":"https:\/\/prva.hr\/index.php\/wp-json\/wp\/v2\/comments?post=1047"}],"version-history":[{"count":1,"href":"https:\/\/prva.hr\/index.php\/wp-json\/wp\/v2\/posts\/1047\/revisions"}],"predecessor-version":[{"id":1048,"href":"https:\/\/prva.hr\/index.php\/wp-json\/wp\/v2\/posts\/1047\/revisions\/1048"}],"wp:attachment":[{"href":"https:\/\/prva.hr\/index.php\/wp-json\/wp\/v2\/media?parent=1047"}],"wp:term":[{"taxonomy":"category","embeddable":true,"href":"https:\/\/prva.hr\/index.php\/wp-json\/wp\/v2\/categories?post=1047"},{"taxonomy":"post_tag","embeddable":true,"href":"https:\/\/prva.hr\/index.php\/wp-json\/wp\/v2\/tags?post=1047"}],"curies":[{"name":"wp","href":"https:\/\/api.w.org\/{rel}","templated":true}]}}