{"id":10473,"date":"2021-12-07T17:42:12","date_gmt":"2021-12-07T16:42:12","guid":{"rendered":"https:\/\/www.prva.hr\/?p=10473"},"modified":"2021-12-07T17:42:27","modified_gmt":"2021-12-07T16:42:27","slug":"projekt-kutija-promjena","status":"publish","type":"post","link":"https:\/\/prva.hr\/index.php\/2021\/12\/07\/projekt-kutija-promjena\/","title":{"rendered":"Projekt Kutija promjena"},"content":{"rendered":"<p><strong>Projekt <em>Kutija promjena<\/em><\/strong><\/p>\n<p><strong><em>\u00a0<\/em><\/strong>Na\u0161a \u0161kola nastavlja s projektima o poticanju promjena u obrazovanju. Tako smo pro\u0161li tjedan bili doma\u0107in seminaru koji je organizirao Forum za slobodu odgoja na temu <strong><em>Kutija promjena \u2013 izgradnja rodne ravnopravnosti u \u0161koli, <\/em><\/strong>a u sklopu istoimenog projekta koji se provodi u na\u0161oj \u0161koli. Zajedno s nastavnicima\/cama i stru\u010dnim suradnicima\/cama iz jo\u0161 nekoliko \u0161kola informirali smo se i raspravljali o problemima i mogu\u0107im rje\u0161enjima provedbe rodne ravnopravnosti u \u0161kolama. Osim zanimljivih tema, iskustava i rasprava me\u0111u sudionicama i sudionicima, imali smo priliku razgovarati s <strong>pravobraniteljicom za ravnopravnost spolova u Republici Hrvatskoj <\/strong>Vi\u0161njom Ljubi\u010di\u0107. Na seminaru su sudjelovale profesorica <strong>Zlata Pa\u0161tar<\/strong>, koordinatorica projekta u I. gimnaziji, stru\u010dna suradnica psihologinja <strong>Vlasta Luka\u010devi\u010d<\/strong> i stru\u010dna suradnica socijalna pedagoginja <strong>Anamarija Huklek<\/strong>. Cilj seminara bio je osna\u017eivanje obrazovnih djelatnica i djelatnika u promicanju rodne ravnopravnosti u \u0161kolama, a ovo je tek prva u nizu aktivnosti provedbe projekta.<\/p>\n<p>Zlata Pa\u0161tar, prof.<\/p>\n<p>Zagreb, 7. 12. 2021.<\/p>\n<p>&nbsp;<\/p>\n<p><img decoding=\"async\" class=\"alignnone size-medium wp-image-10475 lazyload\" data-src=\"https:\/\/www.prva.hr\/wp-content\/uploads\/2021\/12\/IMG_20211202_090704-300x225.jpg\" alt=\"\" width=\"300\" height=\"225\" data-srcset=\"https:\/\/prva.hr\/wp-content\/uploads\/2021\/12\/IMG_20211202_090704-300x225.jpg 300w, https:\/\/prva.hr\/wp-content\/uploads\/2021\/12\/IMG_20211202_090704-768x576.jpg 768w, https:\/\/prva.hr\/wp-content\/uploads\/2021\/12\/IMG_20211202_090704-1024x768.jpg 1024w, https:\/\/prva.hr\/wp-content\/uploads\/2021\/12\/IMG_20211202_090704-400x300.jpg 400w\" data-sizes=\"(max-width: 300px) 100vw, 300px\" src=\"data:image\/svg+xml;base64,PHN2ZyB3aWR0aD0iMSIgaGVpZ2h0PSIxIiB4bWxucz0iaHR0cDovL3d3dy53My5vcmcvMjAwMC9zdmciPjwvc3ZnPg==\" style=\"--smush-placeholder-width: 300px; --smush-placeholder-aspect-ratio: 300\/225;\" \/> <img decoding=\"async\" class=\"alignnone size-medium wp-image-10476 lazyload\" data-src=\"https:\/\/www.prva.hr\/wp-content\/uploads\/2021\/12\/IMG_20211202_135550-300x225.jpg\" alt=\"\" width=\"300\" height=\"225\" data-srcset=\"https:\/\/prva.hr\/wp-content\/uploads\/2021\/12\/IMG_20211202_135550-300x225.jpg 300w, https:\/\/prva.hr\/wp-content\/uploads\/2021\/12\/IMG_20211202_135550-768x576.jpg 768w, https:\/\/prva.hr\/wp-content\/uploads\/2021\/12\/IMG_20211202_135550-1024x768.jpg 1024w, https:\/\/prva.hr\/wp-content\/uploads\/2021\/12\/IMG_20211202_135550-400x300.jpg 400w\" data-sizes=\"(max-width: 300px) 100vw, 300px\" src=\"data:image\/svg+xml;base64,PHN2ZyB3aWR0aD0iMSIgaGVpZ2h0PSIxIiB4bWxucz0iaHR0cDovL3d3dy53My5vcmcvMjAwMC9zdmciPjwvc3ZnPg==\" style=\"--smush-placeholder-width: 300px; --smush-placeholder-aspect-ratio: 300\/225;\" \/><img decoding=\"async\" class=\"alignnone size-medium wp-image-10477 lazyload\" data-src=\"https:\/\/www.prva.hr\/wp-content\/uploads\/2021\/12\/IMG_20211202_142855-300x225.jpg\" alt=\"\" width=\"300\" height=\"225\" data-srcset=\"https:\/\/prva.hr\/wp-content\/uploads\/2021\/12\/IMG_20211202_142855-300x225.jpg 300w, https:\/\/prva.hr\/wp-content\/uploads\/2021\/12\/IMG_20211202_142855-768x576.jpg 768w, https:\/\/prva.hr\/wp-content\/uploads\/2021\/12\/IMG_20211202_142855-1024x768.jpg 1024w, https:\/\/prva.hr\/wp-content\/uploads\/2021\/12\/IMG_20211202_142855-400x300.jpg 400w\" data-sizes=\"(max-width: 300px) 100vw, 300px\" src=\"data:image\/svg+xml;base64,PHN2ZyB3aWR0aD0iMSIgaGVpZ2h0PSIxIiB4bWxucz0iaHR0cDovL3d3dy53My5vcmcvMjAwMC9zdmciPjwvc3ZnPg==\" style=\"--smush-placeholder-width: 300px; --smush-placeholder-aspect-ratio: 300\/225;\" \/> <img decoding=\"async\" class=\"alignnone size-medium wp-image-10478 lazyload\" data-src=\"https:\/\/www.prva.hr\/wp-content\/uploads\/2021\/12\/IMG_20211202_142913-300x225.jpg\" alt=\"\" width=\"300\" height=\"225\" data-srcset=\"https:\/\/prva.hr\/wp-content\/uploads\/2021\/12\/IMG_20211202_142913-300x225.jpg 300w, https:\/\/prva.hr\/wp-content\/uploads\/2021\/12\/IMG_20211202_142913-768x576.jpg 768w, https:\/\/prva.hr\/wp-content\/uploads\/2021\/12\/IMG_20211202_142913-1024x768.jpg 1024w, https:\/\/prva.hr\/wp-content\/uploads\/2021\/12\/IMG_20211202_142913-400x300.jpg 400w\" data-sizes=\"(max-width: 300px) 100vw, 300px\" src=\"data:image\/svg+xml;base64,PHN2ZyB3aWR0aD0iMSIgaGVpZ2h0PSIxIiB4bWxucz0iaHR0cDovL3d3dy53My5vcmcvMjAwMC9zdmciPjwvc3ZnPg==\" style=\"--smush-placeholder-width: 300px; --smush-placeholder-aspect-ratio: 300\/225;\" \/><\/p>\n","protected":false},"excerpt":{"rendered":"<p>Projekt Kutija promjena \u00a0Na\u0161a \u0161kola nastavlja s projektima o poticanju promjena u obrazovanju. Tako smo pro\u0161li tjedan bili doma\u0107in seminaru koji je organizirao Forum za slobodu odgoja na temu Kutija promjena \u2013 izgradnja rodne ravnopravnosti u \u0161koli, a u sklopu istoimenog projekta koji se provodi u na\u0161oj \u0161koli. Zajedno s nastavnicima\/cama i stru\u010dnim suradnicima\/cama iz [&hellip;]<\/p>\n","protected":false},"author":7,"featured_media":10479,"comment_status":"closed","ping_status":"closed","sticky":false,"template":"","format":"standard","meta":{"_et_pb_use_builder":"","_et_pb_old_content":"","_et_gb_content_width":"","footnotes":""},"categories":[6,8],"tags":[],"class_list":["post-10473","post","type-post","status-publish","format-standard","has-post-thumbnail","hentry","category-aktualna-dogadanja","category-projekti"],"_links":{"self":[{"href":"https:\/\/prva.hr\/index.php\/wp-json\/wp\/v2\/posts\/10473","targetHints":{"allow":["GET"]}}],"collection":[{"href":"https:\/\/prva.hr\/index.php\/wp-json\/wp\/v2\/posts"}],"about":[{"href":"https:\/\/prva.hr\/index.php\/wp-json\/wp\/v2\/types\/post"}],"author":[{"embeddable":true,"href":"https:\/\/prva.hr\/index.php\/wp-json\/wp\/v2\/users\/7"}],"replies":[{"embeddable":true,"href":"https:\/\/prva.hr\/index.php\/wp-json\/wp\/v2\/comments?post=10473"}],"version-history":[{"count":2,"href":"https:\/\/prva.hr\/index.php\/wp-json\/wp\/v2\/posts\/10473\/revisions"}],"predecessor-version":[{"id":10481,"href":"https:\/\/prva.hr\/index.php\/wp-json\/wp\/v2\/posts\/10473\/revisions\/10481"}],"wp:featuredmedia":[{"embeddable":true,"href":"https:\/\/prva.hr\/index.php\/wp-json\/wp\/v2\/media\/10479"}],"wp:attachment":[{"href":"https:\/\/prva.hr\/index.php\/wp-json\/wp\/v2\/media?parent=10473"}],"wp:term":[{"taxonomy":"category","embeddable":true,"href":"https:\/\/prva.hr\/index.php\/wp-json\/wp\/v2\/categories?post=10473"},{"taxonomy":"post_tag","embeddable":true,"href":"https:\/\/prva.hr\/index.php\/wp-json\/wp\/v2\/tags?post=10473"}],"curies":[{"name":"wp","href":"https:\/\/api.w.org\/{rel}","templated":true}]}}