{"id":10494,"date":"2021-12-10T11:08:45","date_gmt":"2021-12-10T10:08:45","guid":{"rendered":"https:\/\/www.prva.hr\/?p=10494"},"modified":"2022-07-13T11:37:49","modified_gmt":"2022-07-13T09:37:49","slug":"i-gimnazija-dobila-vrijedno-priznanje-mirotvorna-skola-2021","status":"publish","type":"post","link":"https:\/\/prva.hr\/index.php\/2021\/12\/10\/i-gimnazija-dobila-vrijedno-priznanje-mirotvorna-skola-2021\/","title":{"rendered":"I. gimnazija dobila vrijedno  Priznanje &#8220;Mirotvorna \u0161kola 2021.&#8221;"},"content":{"rendered":"<p>U\u00a0 organizaciji Centra za mir, nenasilje i ljudska prava Osijek u \u010detvrtak<strong> 9. prosinca 2021.<\/strong> u Kulturnom centru u Osijeku odr\u017eana je <strong>sve\u010dana dodjela nagrada\u00a0 i priznanja za promicanje mirotvorstva, nenasilja i ljudskih prava &#8220;Krunoslav Suki\u0107&#8221;\u00a0 za 2021. godinu.<\/strong><\/p>\n<p>Tom prigodom,\u00a0 u ime u\u010denika i u\u010denica te nastavnika i nastavnica I. gimnazije, ravnateljica I. gimnazije Dunja Maru\u0161i\u0107 Brezeti\u0107 primila je <strong>Priznanje &#8220;Mirotvorna \u0161kola 2021.&#8221;<\/strong>\u00a0kao primjer \u0161kole koja u sredi\u0161te\u00a0 svoj djelovanja stavlja \u010dovjeka\u00a0 i \u010dovje\u010dnost. Njeguju\u0107i znanje, solidarnost, identitet i odgovornost I. gimnazija aktivno njeguje vrijednosti mirotvornih odnosa, nenasilja i ljudskih prava.<\/p>\n<p>Vrijednost ovog Priznanja tim je ve\u0107a \u0161to je I. gimnaziju ispred Zaklade Solidarna predlo\u017eio upravo biv\u0161i u\u010denik \u0161kole Ivan Bla\u017eevi\u0107.<\/p>\n<p>Uz I. gimnaziju kao laureata ovogodi\u0161nje nagrade Centra za mir, nenasilje i ljudska prava Osijek,\u00a0 neki od dobitnika su Srednja \u0161kola\u00a0 Glina, biv\u0161a pu\u010dka pravobraniteljica Lora Vidovi\u0107, knji\u017eevnici Ivana Bodro\u017ei\u0107, Elvis Bo\u0161njak i drugi.<\/p>\n<p>Vi\u0161e o\u00a0 dodjeli ovog vrijednog Priznanja i\u00a0 ostalim dobitnicima na:\u00a0<a href=\"https:\/\/www.civilnodrustvo.hr\/\">https:\/\/www.civilnodrustvo.hr\/<\/a><\/p>\n<p>Za nagradu, grupa u\u010denika:ica i nastavnika:ica I. gimnazije sudjelovat \u0107e, zajedno s vr\u0161njacima Srednje \u0161kole Glina, na \u00a0petodnevnom izletu po Isto\u010dnoj Slavoniji\u00a0 po\u010detkom listopada \u00a02022.<\/p>\n<p><img decoding=\"async\" class=\"alignnone size-medium wp-image-10497 lazyload\" data-src=\"https:\/\/www.prva.hr\/wp-content\/uploads\/2021\/12\/Osijek1-300x225.jpg\" alt=\"\" width=\"300\" height=\"225\" data-srcset=\"https:\/\/prva.hr\/wp-content\/uploads\/2021\/12\/Osijek1-300x225.jpg 300w, https:\/\/prva.hr\/wp-content\/uploads\/2021\/12\/Osijek1.jpg 400w\" data-sizes=\"(max-width: 300px) 100vw, 300px\" src=\"data:image\/svg+xml;base64,PHN2ZyB3aWR0aD0iMSIgaGVpZ2h0PSIxIiB4bWxucz0iaHR0cDovL3d3dy53My5vcmcvMjAwMC9zdmciPjwvc3ZnPg==\" style=\"--smush-placeholder-width: 300px; --smush-placeholder-aspect-ratio: 300\/225;\" \/>\u00a0 \u00a0 \u00a0 \u00a0\u00a0<img decoding=\"async\" class=\"alignnone size-medium wp-image-10498 lazyload\" data-src=\"https:\/\/www.prva.hr\/wp-content\/uploads\/2021\/12\/osijek-3-225x300.jpg\" alt=\"\" width=\"225\" height=\"300\" data-srcset=\"https:\/\/prva.hr\/wp-content\/uploads\/2021\/12\/osijek-3-225x300.jpg 225w, https:\/\/prva.hr\/wp-content\/uploads\/2021\/12\/osijek-3-768x1024.jpg 768w\" data-sizes=\"(max-width: 225px) 100vw, 225px\" src=\"data:image\/svg+xml;base64,PHN2ZyB3aWR0aD0iMSIgaGVpZ2h0PSIxIiB4bWxucz0iaHR0cDovL3d3dy53My5vcmcvMjAwMC9zdmciPjwvc3ZnPg==\" style=\"--smush-placeholder-width: 225px; --smush-placeholder-aspect-ratio: 225\/300;\" \/>\u00a0 \u00a0 \u00a0 \u00a0 \u00a0<img decoding=\"async\" class=\"alignnone size-medium wp-image-10499 lazyload\" data-src=\"https:\/\/www.prva.hr\/wp-content\/uploads\/2021\/12\/osijek-2-300x225.jpg\" alt=\"\" width=\"300\" height=\"225\" data-srcset=\"https:\/\/prva.hr\/wp-content\/uploads\/2021\/12\/osijek-2-300x225.jpg 300w, https:\/\/prva.hr\/wp-content\/uploads\/2021\/12\/osijek-2-768x576.jpg 768w, https:\/\/prva.hr\/wp-content\/uploads\/2021\/12\/osijek-2-1024x768.jpg 1024w, https:\/\/prva.hr\/wp-content\/uploads\/2021\/12\/osijek-2-400x300.jpg 400w\" data-sizes=\"(max-width: 300px) 100vw, 300px\" src=\"data:image\/svg+xml;base64,PHN2ZyB3aWR0aD0iMSIgaGVpZ2h0PSIxIiB4bWxucz0iaHR0cDovL3d3dy53My5vcmcvMjAwMC9zdmciPjwvc3ZnPg==\" style=\"--smush-placeholder-width: 300px; --smush-placeholder-aspect-ratio: 300\/225;\" \/><\/p>\n<p>I. gimnazija me\u0111u ovogodi\u0161njim laureatima Nagrada i priznanja za promicanje mirotvorstva, nenasilja i ljudskih prava\u00a0 2021. Centra za mir , nenasilje i ljudska prava Osijek<\/p>\n","protected":false},"excerpt":{"rendered":"<p>U\u00a0 organizaciji Centra za mir, nenasilje i ljudska prava Osijek u \u010detvrtak 9. prosinca 2021. u Kulturnom centru u Osijeku odr\u017eana je sve\u010dana dodjela nagrada\u00a0 i priznanja za promicanje mirotvorstva, nenasilja i ljudskih prava &#8220;Krunoslav Suki\u0107&#8221;\u00a0 za 2021. godinu. Tom prigodom,\u00a0 u ime u\u010denika i u\u010denica te nastavnika i nastavnica I. gimnazije, ravnateljica I. gimnazije [&hellip;]<\/p>\n","protected":false},"author":6,"featured_media":10502,"comment_status":"closed","ping_status":"closed","sticky":false,"template":"","format":"standard","meta":{"_et_pb_use_builder":"","_et_pb_old_content":"","_et_gb_content_width":"","footnotes":""},"categories":[4,32],"tags":[],"class_list":["post-10494","post","type-post","status-publish","format-standard","has-post-thumbnail","hentry","category-najnovije-vijesti","category-o-skoli-nagrade-i-priznanja"],"_links":{"self":[{"href":"https:\/\/prva.hr\/index.php\/wp-json\/wp\/v2\/posts\/10494","targetHints":{"allow":["GET"]}}],"collection":[{"href":"https:\/\/prva.hr\/index.php\/wp-json\/wp\/v2\/posts"}],"about":[{"href":"https:\/\/prva.hr\/index.php\/wp-json\/wp\/v2\/types\/post"}],"author":[{"embeddable":true,"href":"https:\/\/prva.hr\/index.php\/wp-json\/wp\/v2\/users\/6"}],"replies":[{"embeddable":true,"href":"https:\/\/prva.hr\/index.php\/wp-json\/wp\/v2\/comments?post=10494"}],"version-history":[{"count":10,"href":"https:\/\/prva.hr\/index.php\/wp-json\/wp\/v2\/posts\/10494\/revisions"}],"predecessor-version":[{"id":12063,"href":"https:\/\/prva.hr\/index.php\/wp-json\/wp\/v2\/posts\/10494\/revisions\/12063"}],"wp:featuredmedia":[{"embeddable":true,"href":"https:\/\/prva.hr\/index.php\/wp-json\/wp\/v2\/media\/10502"}],"wp:attachment":[{"href":"https:\/\/prva.hr\/index.php\/wp-json\/wp\/v2\/media?parent=10494"}],"wp:term":[{"taxonomy":"category","embeddable":true,"href":"https:\/\/prva.hr\/index.php\/wp-json\/wp\/v2\/categories?post=10494"},{"taxonomy":"post_tag","embeddable":true,"href":"https:\/\/prva.hr\/index.php\/wp-json\/wp\/v2\/tags?post=10494"}],"curies":[{"name":"wp","href":"https:\/\/api.w.org\/{rel}","templated":true}]}}