{"id":1055,"date":"2016-03-18T12:24:17","date_gmt":"2016-03-18T11:24:17","guid":{"rendered":"http:\/\/www2.prva.hr\/?p=1055"},"modified":"2017-08-07T12:24:36","modified_gmt":"2017-08-07T10:24:36","slug":"kap-dobrote-2016","status":"publish","type":"post","link":"https:\/\/prva.hr\/index.php\/2016\/03\/18\/kap-dobrote-2016\/","title":{"rendered":"Kap dobrote 2016."},"content":{"rendered":"<p>Tijekom dva dana humanitarnog sajma \u201eKap dobrote\u201c na\u0161i su u\u010denici, nastavnici, tehni\u010dko osoblje \u0161kole, Volonterski klub i gosti iz Slovenije predstavljanjem pojedinih zemalja, prodajom svojih proizvoda te zajedni\u010dkim trudom i zalaganjem prikupili ukupno <strong>39, 010 kn<\/strong>. Sav prikupljeni iznos ide u \u0161kolske fondove, Fond solidarnosti i Fond izvrsnosti. \u010cestitke i zahvala svima koji su sudjelovali i jo\u0161 jednom pokazali poduzetni\u010dki duh i entuzijazam za sudjelovanjem u ovoj manifestaciji!<\/p>\n<p>&nbsp;<\/p>\n<p>\u010clanak u Ve\u010dernjem listu (18. o\u017eujka) posve\u0107en 22. humanitarnoj akciji &#8220;Kap dobrote&#8221; mo\u017eete pro\u010ditati <a href=\"http:\/\/www.vecernji.hr\/zg-zivot\/burek-po-burek-maturalac-anto-magzanpixsell-1069400\" target=\"_blank\">ovdje<\/a><\/p>\n<p>&nbsp;<\/p>\n<p><img decoding=\"async\" data-src=\"http:\/\/www.prva.hr\/images\/KAPdobrote2016_a4hor.jpg\" width=\"500\" height=\"353\" border=\"0\" src=\"data:image\/svg+xml;base64,PHN2ZyB3aWR0aD0iMSIgaGVpZ2h0PSIxIiB4bWxucz0iaHR0cDovL3d3dy53My5vcmcvMjAwMC9zdmciPjwvc3ZnPg==\" class=\"lazyload\" style=\"--smush-placeholder-width: 500px; --smush-placeholder-aspect-ratio: 500\/353;\" \/><\/p>\n","protected":false},"excerpt":{"rendered":"<p>Tijekom dva dana humanitarnog sajma \u201eKap dobrote\u201c na\u0161i su u\u010denici, nastavnici, tehni\u010dko osoblje \u0161kole, Volonterski klub i gosti iz Slovenije predstavljanjem pojedinih zemalja, prodajom svojih proizvoda te zajedni\u010dkim trudom i zalaganjem prikupili ukupno 39, 010 kn. Sav prikupljeni iznos ide u \u0161kolske fondove, Fond solidarnosti i Fond izvrsnosti. \u010cestitke i zahvala svima koji su sudjelovali [&hellip;]<\/p>\n","protected":false},"author":1,"featured_media":0,"comment_status":"closed","ping_status":"closed","sticky":false,"template":"","format":"standard","meta":{"_et_pb_use_builder":"","_et_pb_old_content":"","_et_gb_content_width":"","footnotes":""},"categories":[9],"tags":[],"class_list":["post-1055","post","type-post","status-publish","format-standard","hentry","category-arhiva"],"_links":{"self":[{"href":"https:\/\/prva.hr\/index.php\/wp-json\/wp\/v2\/posts\/1055","targetHints":{"allow":["GET"]}}],"collection":[{"href":"https:\/\/prva.hr\/index.php\/wp-json\/wp\/v2\/posts"}],"about":[{"href":"https:\/\/prva.hr\/index.php\/wp-json\/wp\/v2\/types\/post"}],"author":[{"embeddable":true,"href":"https:\/\/prva.hr\/index.php\/wp-json\/wp\/v2\/users\/1"}],"replies":[{"embeddable":true,"href":"https:\/\/prva.hr\/index.php\/wp-json\/wp\/v2\/comments?post=1055"}],"version-history":[{"count":1,"href":"https:\/\/prva.hr\/index.php\/wp-json\/wp\/v2\/posts\/1055\/revisions"}],"predecessor-version":[{"id":1056,"href":"https:\/\/prva.hr\/index.php\/wp-json\/wp\/v2\/posts\/1055\/revisions\/1056"}],"wp:attachment":[{"href":"https:\/\/prva.hr\/index.php\/wp-json\/wp\/v2\/media?parent=1055"}],"wp:term":[{"taxonomy":"category","embeddable":true,"href":"https:\/\/prva.hr\/index.php\/wp-json\/wp\/v2\/categories?post=1055"},{"taxonomy":"post_tag","embeddable":true,"href":"https:\/\/prva.hr\/index.php\/wp-json\/wp\/v2\/tags?post=1055"}],"curies":[{"name":"wp","href":"https:\/\/api.w.org\/{rel}","templated":true}]}}