{"id":10578,"date":"2021-12-16T10:06:52","date_gmt":"2021-12-16T09:06:52","guid":{"rendered":"https:\/\/www.prva.hr\/?p=10578"},"modified":"2022-01-03T08:58:40","modified_gmt":"2022-01-03T07:58:40","slug":"potvrda-i-gimnaziji-za-sudjelovanje-volonterki-u-nacionalnoj-kampanji-sadnje-drveca-2021","status":"publish","type":"post","link":"https:\/\/prva.hr\/index.php\/2021\/12\/16\/potvrda-i-gimnaziji-za-sudjelovanje-volonterki-u-nacionalnoj-kampanji-sadnje-drveca-2021\/","title":{"rendered":"Potvrda I. gimnaziji za sudjelovanje volonterki u  Nacionalnoj kampanji sadnje drve\u0107a 2021"},"content":{"rendered":"<p>Prva i vode\u0107a udruga za organiziranje kampanji sadnje drve\u0107a u Hrvatskoj &#8220;Zasadi stablo, ne budi panj&#8221; dodijelila je <strong>16. 12.2021.<\/strong> I. gimnaziji<strong>\u00a0Potvrdu\u00a0 za sudjelovanje u nacionalnoj kampanji sadnje stabala 2021.<\/strong><\/p>\n<p>Podsjetimo, ve\u0107 tre\u0107u godinu za redom,\u00a0 tijekom studenoga,\u00a0volonterke Volonterskog kluba uljep\u0161ale su prilaz glavnom ulazu \u0161koli sadnjom dva dekorativna grma kurike.<\/p>\n<p>Time je I. gimnazija vidljiva u kartografskoj aplikaciji\u00a0<strong>EduTree platforma\u00a0<\/strong>na digitalnoj karti Hrvatske<strong>:\u00a0<\/strong><em>https:\/\/panj.crogis.hr<\/em><\/p>\n<p>Iz zahvale organizatora:&#8221;&#8230;hvala vam na uklju\u010divanju, na brizi oko preuzimanja, na sadnji, na poticanju brige oko na\u0161e planete, na ozna\u010davanju,&#8230; na\u00a0 SVEMU&#8221;.<\/p>\n<p><img decoding=\"async\" class=\"alignnone size-medium wp-image-10580 lazyload\" data-src=\"https:\/\/www.prva.hr\/wp-content\/uploads\/2021\/12\/foto-zsnp3-300x265.jpg\" alt=\"\" width=\"300\" height=\"265\" data-srcset=\"https:\/\/prva.hr\/wp-content\/uploads\/2021\/12\/foto-zsnp3-300x265.jpg 300w, https:\/\/prva.hr\/wp-content\/uploads\/2021\/12\/foto-zsnp3-768x679.jpg 768w, https:\/\/prva.hr\/wp-content\/uploads\/2021\/12\/foto-zsnp3-1024x905.jpg 1024w, https:\/\/prva.hr\/wp-content\/uploads\/2021\/12\/foto-zsnp3-339x300.jpg 339w\" data-sizes=\"(max-width: 300px) 100vw, 300px\" src=\"data:image\/svg+xml;base64,PHN2ZyB3aWR0aD0iMSIgaGVpZ2h0PSIxIiB4bWxucz0iaHR0cDovL3d3dy53My5vcmcvMjAwMC9zdmciPjwvc3ZnPg==\" style=\"--smush-placeholder-width: 300px; --smush-placeholder-aspect-ratio: 300\/265;\" \/>Sl.1.Volonterke I. gimnazije u kampanji &#8220;Zasadi stablo, ne budi panj!&#8221;<\/p>\n<p><img decoding=\"async\" class=\"alignnone size-medium wp-image-10582 lazyload\" data-src=\"https:\/\/www.prva.hr\/wp-content\/uploads\/2021\/12\/Snimka-zaslona-225-300x169.png\" alt=\"\" width=\"300\" height=\"169\" data-srcset=\"https:\/\/prva.hr\/wp-content\/uploads\/2021\/12\/Snimka-zaslona-225-300x169.png 300w, https:\/\/prva.hr\/wp-content\/uploads\/2021\/12\/Snimka-zaslona-225-768x432.png 768w, https:\/\/prva.hr\/wp-content\/uploads\/2021\/12\/Snimka-zaslona-225-1024x576.png 1024w, https:\/\/prva.hr\/wp-content\/uploads\/2021\/12\/Snimka-zaslona-225-400x225.png 400w, https:\/\/prva.hr\/wp-content\/uploads\/2021\/12\/Snimka-zaslona-225.png 1920w\" data-sizes=\"(max-width: 300px) 100vw, 300px\" src=\"data:image\/svg+xml;base64,PHN2ZyB3aWR0aD0iMSIgaGVpZ2h0PSIxIiB4bWxucz0iaHR0cDovL3d3dy53My5vcmcvMjAwMC9zdmciPjwvc3ZnPg==\" style=\"--smush-placeholder-width: 300px; --smush-placeholder-aspect-ratio: 300\/169;\" \/>\u00a0Sl.2. I. gimnazija ozna\u010dena zeleno na kartografskoj aplikaciji EduTree platforme<\/p>\n<p>&nbsp;<\/p>\n<p>&nbsp;<\/p>\n<p>&nbsp;<\/p>\n<p>&nbsp;<\/p>\n","protected":false},"excerpt":{"rendered":"<p>Prva i vode\u0107a udruga za organiziranje kampanji sadnje drve\u0107a u Hrvatskoj &#8220;Zasadi stablo, ne budi panj&#8221; dodijelila je 16. 12.2021. I. gimnaziji\u00a0Potvrdu\u00a0 za sudjelovanje u nacionalnoj kampanji sadnje stabala 2021. Podsjetimo, ve\u0107 tre\u0107u godinu za redom,\u00a0 tijekom studenoga,\u00a0volonterke Volonterskog kluba uljep\u0161ale su prilaz glavnom ulazu \u0161koli sadnjom dva dekorativna grma kurike. Time je I. gimnazija [&hellip;]<\/p>\n","protected":false},"author":6,"featured_media":10587,"comment_status":"closed","ping_status":"closed","sticky":false,"template":"","format":"standard","meta":{"_et_pb_use_builder":"","_et_pb_old_content":"","_et_gb_content_width":"","footnotes":""},"categories":[45,4,32],"tags":[],"class_list":["post-10578","post","type-post","status-publish","format-standard","has-post-thumbnail","hentry","category-aktivnosti-izvannastavne-aktivnosti-volonterski-klub","category-najnovije-vijesti","category-o-skoli-nagrade-i-priznanja"],"_links":{"self":[{"href":"https:\/\/prva.hr\/index.php\/wp-json\/wp\/v2\/posts\/10578","targetHints":{"allow":["GET"]}}],"collection":[{"href":"https:\/\/prva.hr\/index.php\/wp-json\/wp\/v2\/posts"}],"about":[{"href":"https:\/\/prva.hr\/index.php\/wp-json\/wp\/v2\/types\/post"}],"author":[{"embeddable":true,"href":"https:\/\/prva.hr\/index.php\/wp-json\/wp\/v2\/users\/6"}],"replies":[{"embeddable":true,"href":"https:\/\/prva.hr\/index.php\/wp-json\/wp\/v2\/comments?post=10578"}],"version-history":[{"count":4,"href":"https:\/\/prva.hr\/index.php\/wp-json\/wp\/v2\/posts\/10578\/revisions"}],"predecessor-version":[{"id":10701,"href":"https:\/\/prva.hr\/index.php\/wp-json\/wp\/v2\/posts\/10578\/revisions\/10701"}],"wp:featuredmedia":[{"embeddable":true,"href":"https:\/\/prva.hr\/index.php\/wp-json\/wp\/v2\/media\/10587"}],"wp:attachment":[{"href":"https:\/\/prva.hr\/index.php\/wp-json\/wp\/v2\/media?parent=10578"}],"wp:term":[{"taxonomy":"category","embeddable":true,"href":"https:\/\/prva.hr\/index.php\/wp-json\/wp\/v2\/categories?post=10578"},{"taxonomy":"post_tag","embeddable":true,"href":"https:\/\/prva.hr\/index.php\/wp-json\/wp\/v2\/tags?post=10578"}],"curies":[{"name":"wp","href":"https:\/\/api.w.org\/{rel}","templated":true}]}}