{"id":1061,"date":"2016-03-21T12:25:45","date_gmt":"2016-03-21T11:25:45","guid":{"rendered":"http:\/\/www2.prva.hr\/?p=1061"},"modified":"2017-08-07T12:26:01","modified_gmt":"2017-08-07T10:26:01","slug":"pripreme-za-drzavnu-maturu-prof-begic","status":"publish","type":"post","link":"https:\/\/prva.hr\/index.php\/2016\/03\/21\/pripreme-za-drzavnu-maturu-prof-begic\/","title":{"rendered":"Pripreme za Dr\u017eavnu maturu-prof. Begi\u0107"},"content":{"rendered":"<p>Priprema za Dr\u017eavnu maturu iz hrvatskoga jezika kod prof. Begi\u0107 bit \u0107e u \u010detvrtak, 24.3. u 10 h u 314.<\/p>\n","protected":false},"excerpt":{"rendered":"<p>Priprema za Dr\u017eavnu maturu iz hrvatskoga jezika kod prof. Begi\u0107 bit \u0107e u \u010detvrtak, 24.3. u 10 h u 314.<\/p>\n","protected":false},"author":1,"featured_media":0,"comment_status":"closed","ping_status":"closed","sticky":false,"template":"","format":"standard","meta":{"_et_pb_use_builder":"","_et_pb_old_content":"","_et_gb_content_width":"","footnotes":""},"categories":[9],"tags":[],"class_list":["post-1061","post","type-post","status-publish","format-standard","hentry","category-arhiva"],"_links":{"self":[{"href":"https:\/\/prva.hr\/index.php\/wp-json\/wp\/v2\/posts\/1061","targetHints":{"allow":["GET"]}}],"collection":[{"href":"https:\/\/prva.hr\/index.php\/wp-json\/wp\/v2\/posts"}],"about":[{"href":"https:\/\/prva.hr\/index.php\/wp-json\/wp\/v2\/types\/post"}],"author":[{"embeddable":true,"href":"https:\/\/prva.hr\/index.php\/wp-json\/wp\/v2\/users\/1"}],"replies":[{"embeddable":true,"href":"https:\/\/prva.hr\/index.php\/wp-json\/wp\/v2\/comments?post=1061"}],"version-history":[{"count":1,"href":"https:\/\/prva.hr\/index.php\/wp-json\/wp\/v2\/posts\/1061\/revisions"}],"predecessor-version":[{"id":1062,"href":"https:\/\/prva.hr\/index.php\/wp-json\/wp\/v2\/posts\/1061\/revisions\/1062"}],"wp:attachment":[{"href":"https:\/\/prva.hr\/index.php\/wp-json\/wp\/v2\/media?parent=1061"}],"wp:term":[{"taxonomy":"category","embeddable":true,"href":"https:\/\/prva.hr\/index.php\/wp-json\/wp\/v2\/categories?post=1061"},{"taxonomy":"post_tag","embeddable":true,"href":"https:\/\/prva.hr\/index.php\/wp-json\/wp\/v2\/tags?post=1061"}],"curies":[{"name":"wp","href":"https:\/\/api.w.org\/{rel}","templated":true}]}}