{"id":10630,"date":"2021-12-21T15:42:47","date_gmt":"2021-12-21T14:42:47","guid":{"rendered":"https:\/\/www.prva.hr\/?p=10630"},"modified":"2021-12-21T18:20:08","modified_gmt":"2021-12-21T17:20:08","slug":"prvi-bozicni-sajam-zadruge-i-gimanzije-iz-prve-ruke","status":"publish","type":"post","link":"https:\/\/prva.hr\/index.php\/2021\/12\/21\/prvi-bozicni-sajam-zadruge-i-gimanzije-iz-prve-ruke\/","title":{"rendered":"Prvi bo\u017ei\u0107ni sajam Zadruge I. gimnazije &#8220;Iz Prve ruke&#8221;"},"content":{"rendered":"<p>Uo\u010di bo\u017ei\u0107nih blagdana\u00a0<strong>20. i 21. prosinca 2021.<\/strong> u predvorju \u0161kole odr\u017eava se <strong>prvi bo\u017ei\u0107ni sajam <\/strong>novoosnovane<strong> Zadruge I. gimnazije &#8220;Iz Prve ruke&#8221;.\u00a0<\/strong>Na sajmu sudjeluju vrijedni u\u010denici i u\u010denici\u00a0<strong> Sekcije Ra\u010dunalni dizajn<\/strong> prodajom\u00a0 \u0161alica, oslikanih izabranim uratkom bo\u017ei\u0107nog Rudolfa s logom \u0161kole u\u010denice 3.b razreda Lucije Kaurinovi\u0107, u\u010denici i u\u010denice\u00a0 <strong>Sekcije &#8220;Zlatne ruke&#8221;\u00a0<\/strong> s prodajom platnenih vre\u0107ica s oslikanim logom \u0161kole te kreativna skupina\u00a0<strong>&#8220;PPP -Prvi petak u Prvoj&#8221;<\/strong> prodajom narukvica i privjesaka s logom \u0161kole te prigodno oslikanih platnenih vre\u0107ica.<\/p>\n<p><img decoding=\"async\" class=\"alignnone size-medium wp-image-10633 lazyload\" data-src=\"https:\/\/www.prva.hr\/wp-content\/uploads\/2021\/12\/foto-zadruga-2-225x300.jpg\" alt=\"\" width=\"225\" height=\"300\" data-srcset=\"https:\/\/prva.hr\/wp-content\/uploads\/2021\/12\/foto-zadruga-2-225x300.jpg 225w, https:\/\/prva.hr\/wp-content\/uploads\/2021\/12\/foto-zadruga-2-768x1024.jpg 768w\" data-sizes=\"(max-width: 225px) 100vw, 225px\" src=\"data:image\/svg+xml;base64,PHN2ZyB3aWR0aD0iMSIgaGVpZ2h0PSIxIiB4bWxucz0iaHR0cDovL3d3dy53My5vcmcvMjAwMC9zdmciPjwvc3ZnPg==\" style=\"--smush-placeholder-width: 225px; --smush-placeholder-aspect-ratio: 225\/300;\" \/>\u00a0 \u00a0 \u00a0 \u00a0 \u00a0 \u00a0<img decoding=\"async\" class=\"alignnone size-medium wp-image-10634 lazyload\" data-src=\"https:\/\/www.prva.hr\/wp-content\/uploads\/2021\/12\/foto-zadruga-3-225x300.jpg\" alt=\"\" width=\"225\" height=\"300\" data-srcset=\"https:\/\/prva.hr\/wp-content\/uploads\/2021\/12\/foto-zadruga-3-225x300.jpg 225w, https:\/\/prva.hr\/wp-content\/uploads\/2021\/12\/foto-zadruga-3-768x1024.jpg 768w\" data-sizes=\"(max-width: 225px) 100vw, 225px\" src=\"data:image\/svg+xml;base64,PHN2ZyB3aWR0aD0iMSIgaGVpZ2h0PSIxIiB4bWxucz0iaHR0cDovL3d3dy53My5vcmcvMjAwMC9zdmciPjwvc3ZnPg==\" style=\"--smush-placeholder-width: 225px; --smush-placeholder-aspect-ratio: 225\/300;\" \/>\u00a0 \u00a0\u00a0<img decoding=\"async\" class=\"alignnone size-medium wp-image-10646 lazyload\" data-src=\"https:\/\/www.prva.hr\/wp-content\/uploads\/2021\/12\/foto-zadruga-8-225x300.jpg\" alt=\"\" width=\"225\" height=\"300\" data-srcset=\"https:\/\/prva.hr\/wp-content\/uploads\/2021\/12\/foto-zadruga-8-225x300.jpg 225w, https:\/\/prva.hr\/wp-content\/uploads\/2021\/12\/foto-zadruga-8-768x1024.jpg 768w\" data-sizes=\"(max-width: 225px) 100vw, 225px\" src=\"data:image\/svg+xml;base64,PHN2ZyB3aWR0aD0iMSIgaGVpZ2h0PSIxIiB4bWxucz0iaHR0cDovL3d3dy53My5vcmcvMjAwMC9zdmciPjwvc3ZnPg==\" style=\"--smush-placeholder-width: 225px; --smush-placeholder-aspect-ratio: 225\/300;\" \/><\/p>\n<p>Slika 1.-4. Prvi bo\u017ei\u0107ni sajam novoosnovane Zadruge I. gimnazije &#8220;Iz prve ruke&#8221;<\/p>\n","protected":false},"excerpt":{"rendered":"<p>Uo\u010di bo\u017ei\u0107nih blagdana\u00a020. i 21. prosinca 2021. u predvorju \u0161kole odr\u017eava se prvi bo\u017ei\u0107ni sajam novoosnovane Zadruge I. gimnazije &#8220;Iz Prve ruke&#8221;.\u00a0Na sajmu sudjeluju vrijedni u\u010denici i u\u010denici\u00a0 Sekcije Ra\u010dunalni dizajn prodajom\u00a0 \u0161alica, oslikanih izabranim uratkom bo\u017ei\u0107nog Rudolfa s logom \u0161kole u\u010denice 3.b razreda Lucije Kaurinovi\u0107, u\u010denici i u\u010denice\u00a0 Sekcije &#8220;Zlatne ruke&#8221;\u00a0 s prodajom platnenih [&hellip;]<\/p>\n","protected":false},"author":6,"featured_media":10632,"comment_status":"closed","ping_status":"closed","sticky":false,"template":"","format":"standard","meta":{"_et_pb_use_builder":"","_et_pb_old_content":"","_et_gb_content_width":"","footnotes":""},"categories":[6,4],"tags":[],"class_list":["post-10630","post","type-post","status-publish","format-standard","has-post-thumbnail","hentry","category-aktualna-dogadanja","category-najnovije-vijesti"],"_links":{"self":[{"href":"https:\/\/prva.hr\/index.php\/wp-json\/wp\/v2\/posts\/10630","targetHints":{"allow":["GET"]}}],"collection":[{"href":"https:\/\/prva.hr\/index.php\/wp-json\/wp\/v2\/posts"}],"about":[{"href":"https:\/\/prva.hr\/index.php\/wp-json\/wp\/v2\/types\/post"}],"author":[{"embeddable":true,"href":"https:\/\/prva.hr\/index.php\/wp-json\/wp\/v2\/users\/6"}],"replies":[{"embeddable":true,"href":"https:\/\/prva.hr\/index.php\/wp-json\/wp\/v2\/comments?post=10630"}],"version-history":[{"count":13,"href":"https:\/\/prva.hr\/index.php\/wp-json\/wp\/v2\/posts\/10630\/revisions"}],"predecessor-version":[{"id":10647,"href":"https:\/\/prva.hr\/index.php\/wp-json\/wp\/v2\/posts\/10630\/revisions\/10647"}],"wp:featuredmedia":[{"embeddable":true,"href":"https:\/\/prva.hr\/index.php\/wp-json\/wp\/v2\/media\/10632"}],"wp:attachment":[{"href":"https:\/\/prva.hr\/index.php\/wp-json\/wp\/v2\/media?parent=10630"}],"wp:term":[{"taxonomy":"category","embeddable":true,"href":"https:\/\/prva.hr\/index.php\/wp-json\/wp\/v2\/categories?post=10630"},{"taxonomy":"post_tag","embeddable":true,"href":"https:\/\/prva.hr\/index.php\/wp-json\/wp\/v2\/tags?post=10630"}],"curies":[{"name":"wp","href":"https:\/\/api.w.org\/{rel}","templated":true}]}}