{"id":1073,"date":"2016-04-11T12:30:37","date_gmt":"2016-04-11T10:30:37","guid":{"rendered":"http:\/\/www2.prva.hr\/?p=1073"},"modified":"2017-08-07T12:30:57","modified_gmt":"2017-08-07T10:30:57","slug":"nase-plivacke-reprezentacije-ispisale-su-novu-stranicu-povijesti-sporta","status":"publish","type":"post","link":"https:\/\/prva.hr\/index.php\/2016\/04\/11\/nase-plivacke-reprezentacije-ispisale-su-novu-stranicu-povijesti-sporta\/","title":{"rendered":"NA\u0160E PLIVA\u010cKE REPREZENTACIJE ISPISALE SU NOVU STRANICU POVIJESTI SPORTA"},"content":{"rendered":"<p><strong>9. 4. 2016.<\/strong> odr\u017eano je pliva\u010dko natjecanje srednjih \u0161kola grada Zagreba. Nastupili smo i u mu\u0161koj i u \u017eenskoj konkurenciji. S obzirom na na\u0161e interno pliva\u010dko natjecanje kojim smo obilje\u017eili Dan \u0161kole vjerovali smo da mo\u017eemo ostvariti dobre rezultate. A ispalo je iznad svih o\u010dekivanja. U izuzetno jakoj konkurenciji do samog kraja je bilo neizvjesno tko \u0107e biti na postolju. A onda, na progla\u0161enju na\u0161e veliko slavlje \u2013 zlatna medalja na\u0161ih obiju ekipa! Ti talentirani mladi ljudi ispisali su najsjajniju stranicu sporta na\u0161e \u0161kole! Nesebi\u010dno su u subotu poslijepodne do\u0161li na bazen, dali sve od sebe i prezentirali \u0161kolu na najsjajniji, \u0161ampionski na\u010din. Svaka \u010dast! Ponosno smo na njih!<\/p>\n<p>Meri Matu\u0161an<\/p>\n<p>&nbsp;<\/p>\n<p><img decoding=\"async\" data-src=\"http:\/\/www.prva.hr\/images\/pdf\/cure-plivanje.jpg\" width=\"200\" height=\"113\" border=\"0\" src=\"data:image\/svg+xml;base64,PHN2ZyB3aWR0aD0iMSIgaGVpZ2h0PSIxIiB4bWxucz0iaHR0cDovL3d3dy53My5vcmcvMjAwMC9zdmciPjwvc3ZnPg==\" class=\"lazyload\" style=\"--smush-placeholder-width: 200px; --smush-placeholder-aspect-ratio: 200\/113;\" \/><\/p>\n<p>&nbsp;<\/p>\n<p><img decoding=\"async\" data-src=\"http:\/\/www.prva.hr\/images\/pdf\/decki-plivanje.jpg\" width=\"200\" height=\"113\" border=\"0\" src=\"data:image\/svg+xml;base64,PHN2ZyB3aWR0aD0iMSIgaGVpZ2h0PSIxIiB4bWxucz0iaHR0cDovL3d3dy53My5vcmcvMjAwMC9zdmciPjwvc3ZnPg==\" class=\"lazyload\" style=\"--smush-placeholder-width: 200px; --smush-placeholder-aspect-ratio: 200\/113;\" \/><\/p>\n","protected":false},"excerpt":{"rendered":"<p>9. 4. 2016. odr\u017eano je pliva\u010dko natjecanje srednjih \u0161kola grada Zagreba. Nastupili smo i u mu\u0161koj i u \u017eenskoj konkurenciji. S obzirom na na\u0161e interno pliva\u010dko natjecanje kojim smo obilje\u017eili Dan \u0161kole vjerovali smo da mo\u017eemo ostvariti dobre rezultate. A ispalo je iznad svih o\u010dekivanja. U izuzetno jakoj konkurenciji do samog kraja je bilo neizvjesno [&hellip;]<\/p>\n","protected":false},"author":1,"featured_media":0,"comment_status":"closed","ping_status":"closed","sticky":false,"template":"","format":"standard","meta":{"_et_pb_use_builder":"","_et_pb_old_content":"","_et_gb_content_width":"","footnotes":""},"categories":[9],"tags":[],"class_list":["post-1073","post","type-post","status-publish","format-standard","hentry","category-arhiva"],"_links":{"self":[{"href":"https:\/\/prva.hr\/index.php\/wp-json\/wp\/v2\/posts\/1073","targetHints":{"allow":["GET"]}}],"collection":[{"href":"https:\/\/prva.hr\/index.php\/wp-json\/wp\/v2\/posts"}],"about":[{"href":"https:\/\/prva.hr\/index.php\/wp-json\/wp\/v2\/types\/post"}],"author":[{"embeddable":true,"href":"https:\/\/prva.hr\/index.php\/wp-json\/wp\/v2\/users\/1"}],"replies":[{"embeddable":true,"href":"https:\/\/prva.hr\/index.php\/wp-json\/wp\/v2\/comments?post=1073"}],"version-history":[{"count":1,"href":"https:\/\/prva.hr\/index.php\/wp-json\/wp\/v2\/posts\/1073\/revisions"}],"predecessor-version":[{"id":1074,"href":"https:\/\/prva.hr\/index.php\/wp-json\/wp\/v2\/posts\/1073\/revisions\/1074"}],"wp:attachment":[{"href":"https:\/\/prva.hr\/index.php\/wp-json\/wp\/v2\/media?parent=1073"}],"wp:term":[{"taxonomy":"category","embeddable":true,"href":"https:\/\/prva.hr\/index.php\/wp-json\/wp\/v2\/categories?post=1073"},{"taxonomy":"post_tag","embeddable":true,"href":"https:\/\/prva.hr\/index.php\/wp-json\/wp\/v2\/tags?post=1073"}],"curies":[{"name":"wp","href":"https:\/\/api.w.org\/{rel}","templated":true}]}}