{"id":1079,"date":"2016-04-25T12:32:43","date_gmt":"2016-04-25T10:32:43","guid":{"rendered":"http:\/\/www2.prva.hr\/?p=1079"},"modified":"2017-08-07T12:33:04","modified_gmt":"2017-08-07T10:33:04","slug":"noc-knjige-u-i-gimnaziji-3","status":"publish","type":"post","link":"https:\/\/prva.hr\/index.php\/2016\/04\/25\/noc-knjige-u-i-gimnaziji-3\/","title":{"rendered":"No\u0107 knjige u I. gimnaziji"},"content":{"rendered":"<p>Povodom manifestacije <strong>No\u0107 knjige<\/strong><strong> 2016<\/strong>., kojom se obilje\u017eava <strong>Svjetski dan knjige i autorskih prava<\/strong>, nakladni\u010dka ku\u0107a &#8220;<em style=\"color: #000000; font-family: 'Lucida Grande', 'Lucida Sans Unicode', Arial, sans-serif; font-size: 13.33px;\"><strong>Znanje<\/strong><\/em>&#8221; organizirala je nagradni natje\u010daj za u\u010denike &#8220;<strong>JA SAM PISAC<\/strong>&#8221; u svrhu promicanja ljubavi prema knjizi, \u010ditanju i knji\u017eevnom stvarala\u0161tvu s ciljem populariziranja knjige me\u0111u mladim nara\u0161tajima.<\/p>\n<div><\/div>\n<div>\n<div><strong>22. travnja 2016.<\/strong> odr\u017eana je manifestacija\u00a0<em>No\u0107i knjige<\/em> &#8220;<strong>ZNANJE U PRVOJ GIMNAZIJI<\/strong>&#8221; na kojoj su dodijeljene nagrade u programu posve\u0107enome <strong>Williamu Shakespeareu<\/strong> i <strong>Miguelu de Cervantesu<\/strong> u povodu obilje\u017eavanja 400. obljetnice njihove smrti kao i 100. obljetnice prvoga objavljivanja\u00a0&#8220;<strong>Pri\u010da iz davnine<\/strong>&#8221;\u00a0<strong>Ivane Brli\u0107-Ma\u017eurani\u0107<\/strong>. Na nagradnom natje\u010daju &#8220;<em>Ja sam pisac<\/em>&#8221; sudjelovali su u\u010denici <strong>I. gimnazije<\/strong> i <strong>II. ekonomske \u0161kole <\/strong>iz Zagreba.<\/div>\n<div style=\"color: #000000; line-height: 20px; font-family: 'Lucida Grande', 'Lucida Sans Unicode', Arial, sans-serif; font-size: 13.33px;\"><\/div>\n<div>U\u00a0<em>Prvoj gimnaziji<\/em> prvu nagradu osvojila je <strong>NENSI KRUPEC<\/strong> (1.d razred) za pri\u010du &#8220;<strong>Hvata\u010d snova<\/strong>&#8220;.<\/div>\n<div>Drugo mjesto dijele\u00a0<strong>KARLA PERICA<\/strong> za pri\u010du &#8220;<strong>Plava bilje\u017enica<\/strong>&#8221; i<strong> PETRA TERZI\u0106<\/strong> za pri\u010du &#8220;<strong>Ples na rubu vremena<\/strong>&#8220;.\u00a0Tre\u0107u nagradu dobio je <strong>DRA\u017dEN BI\u010cANI\u0106<\/strong> za pri\u010du &#8220;<strong>Nije bila neka \u0161ansa<\/strong>&#8220;.<\/div>\n<div>Prvu nagradu iz\u00a0<em>Druge ekonomske \u0161kole<\/em> osvojio je\u00a0<strong>PATRIK HEREK<\/strong> (1. razred) s duhovitom pri\u010dom &#8220;<strong>Krave<\/strong>&#8220;.<\/div>\n<div><\/div>\n<div>U dramskome dijelu matineje No\u0107i knjige posve\u0107ene Shakespeareu i Cervantesu sudjelovali su u\u010denici 3.d i 4.d razreda s izborom Shakespeareovih tekstova na engleskom jeziku pod mentorstvom prof. Irene Nagli\u0107. Maturanti su kazivali 18. sonet &#8220;Shal I compare thee to a summer&#8217;s day! i slavni Hamletov monolog te ulomak iz drame &#8220;As you like it&#8221;, a svojom gluma\u010dkom izvedbom Cervantesova Don Quijotea sve je odu\u0161evio Filip Sever.<\/div>\n<div><\/div>\n<div>\u010cestitamo svima nagra\u0111enima!<\/div>\n<\/div>\n<div>\n<div id=\":16m\"><img decoding=\"async\" style=\"background: url('http:\/\/ssl.gstatic.com\/ui\/v1\/icons\/mail\/ellipsis.png') no-repeat; width: 20px; height: 8px; opacity: 0.3;\" data-src=\"https:\/\/ssl.gstatic.com\/ui\/v1\/icons\/mail\/images\/cleardot.gif\" border=\"0\" src=\"data:image\/svg+xml;base64,PHN2ZyB3aWR0aD0iMSIgaGVpZ2h0PSIxIiB4bWxucz0iaHR0cDovL3d3dy53My5vcmcvMjAwMC9zdmciPjwvc3ZnPg==\" class=\"lazyload\" \/><\/div>\n<\/div>\n<p>&nbsp;<\/p>\n<p><img decoding=\"async\" data-src=\"http:\/\/www.prva.hr\/images\/pdf\/NK1.jpg\" width=\"240\" height=\"158\" border=\"0\" src=\"data:image\/svg+xml;base64,PHN2ZyB3aWR0aD0iMSIgaGVpZ2h0PSIxIiB4bWxucz0iaHR0cDovL3d3dy53My5vcmcvMjAwMC9zdmciPjwvc3ZnPg==\" class=\"lazyload\" style=\"--smush-placeholder-width: 240px; --smush-placeholder-aspect-ratio: 240\/158;\" \/> <img decoding=\"async\" data-src=\"http:\/\/www.prva.hr\/images\/pdf\/NK2.jpg\" width=\"240\" height=\"159\" border=\"0\" src=\"data:image\/svg+xml;base64,PHN2ZyB3aWR0aD0iMSIgaGVpZ2h0PSIxIiB4bWxucz0iaHR0cDovL3d3dy53My5vcmcvMjAwMC9zdmciPjwvc3ZnPg==\" class=\"lazyload\" style=\"--smush-placeholder-width: 240px; --smush-placeholder-aspect-ratio: 240\/159;\" \/><\/p>\n<p><img decoding=\"async\" data-src=\"http:\/\/www.prva.hr\/images\/pdf\/NK3.jpg\" width=\"240\" height=\"158\" border=\"0\" src=\"data:image\/svg+xml;base64,PHN2ZyB3aWR0aD0iMSIgaGVpZ2h0PSIxIiB4bWxucz0iaHR0cDovL3d3dy53My5vcmcvMjAwMC9zdmciPjwvc3ZnPg==\" class=\"lazyload\" style=\"--smush-placeholder-width: 240px; --smush-placeholder-aspect-ratio: 240\/158;\" \/> <img decoding=\"async\" data-src=\"http:\/\/www.prva.hr\/images\/pdf\/NK4.jpg\" width=\"240\" height=\"158\" border=\"0\" src=\"data:image\/svg+xml;base64,PHN2ZyB3aWR0aD0iMSIgaGVpZ2h0PSIxIiB4bWxucz0iaHR0cDovL3d3dy53My5vcmcvMjAwMC9zdmciPjwvc3ZnPg==\" class=\"lazyload\" style=\"--smush-placeholder-width: 240px; --smush-placeholder-aspect-ratio: 240\/158;\" \/><\/p>\n","protected":false},"excerpt":{"rendered":"<p>Povodom manifestacije No\u0107 knjige 2016., kojom se obilje\u017eava Svjetski dan knjige i autorskih prava, nakladni\u010dka ku\u0107a &#8220;Znanje&#8221; organizirala je nagradni natje\u010daj za u\u010denike &#8220;JA SAM PISAC&#8221; u svrhu promicanja ljubavi prema knjizi, \u010ditanju i knji\u017eevnom stvarala\u0161tvu s ciljem populariziranja knjige me\u0111u mladim nara\u0161tajima. 22. travnja 2016. odr\u017eana je manifestacija\u00a0No\u0107i knjige &#8220;ZNANJE U PRVOJ GIMNAZIJI&#8221; na [&hellip;]<\/p>\n","protected":false},"author":1,"featured_media":0,"comment_status":"closed","ping_status":"closed","sticky":false,"template":"","format":"standard","meta":{"_et_pb_use_builder":"","_et_pb_old_content":"","_et_gb_content_width":"","footnotes":""},"categories":[9],"tags":[],"class_list":["post-1079","post","type-post","status-publish","format-standard","hentry","category-arhiva"],"_links":{"self":[{"href":"https:\/\/prva.hr\/index.php\/wp-json\/wp\/v2\/posts\/1079","targetHints":{"allow":["GET"]}}],"collection":[{"href":"https:\/\/prva.hr\/index.php\/wp-json\/wp\/v2\/posts"}],"about":[{"href":"https:\/\/prva.hr\/index.php\/wp-json\/wp\/v2\/types\/post"}],"author":[{"embeddable":true,"href":"https:\/\/prva.hr\/index.php\/wp-json\/wp\/v2\/users\/1"}],"replies":[{"embeddable":true,"href":"https:\/\/prva.hr\/index.php\/wp-json\/wp\/v2\/comments?post=1079"}],"version-history":[{"count":1,"href":"https:\/\/prva.hr\/index.php\/wp-json\/wp\/v2\/posts\/1079\/revisions"}],"predecessor-version":[{"id":1080,"href":"https:\/\/prva.hr\/index.php\/wp-json\/wp\/v2\/posts\/1079\/revisions\/1080"}],"wp:attachment":[{"href":"https:\/\/prva.hr\/index.php\/wp-json\/wp\/v2\/media?parent=1079"}],"wp:term":[{"taxonomy":"category","embeddable":true,"href":"https:\/\/prva.hr\/index.php\/wp-json\/wp\/v2\/categories?post=1079"},{"taxonomy":"post_tag","embeddable":true,"href":"https:\/\/prva.hr\/index.php\/wp-json\/wp\/v2\/tags?post=1079"}],"curies":[{"name":"wp","href":"https:\/\/api.w.org\/{rel}","templated":true}]}}