{"id":10798,"date":"2022-02-03T13:38:54","date_gmt":"2022-02-03T12:38:54","guid":{"rendered":"https:\/\/www.prva.hr\/?p=10798"},"modified":"2022-02-03T16:28:21","modified_gmt":"2022-02-03T15:28:21","slug":"prva-domacin-sudionika-projekta","status":"publish","type":"post","link":"https:\/\/prva.hr\/index.php\/2022\/02\/03\/prva-domacin-sudionika-projekta\/","title":{"rendered":"PRVA, doma\u0107in sudionika projekta \u02ddSTEM na tretjo \u2013 Tri EU \u0161ole v STEM projektu\u02dd"},"content":{"rendered":"<p><span style=\"font-weight: 400;\">Od <\/span><b>6. prosinca do 10. prosinca 2021.<\/b><span style=\"font-weight: 400;\"> na\u0161a \u0161kola bila je doma\u0107in u\u010denika i profesora iz \u010ce\u0161kih Bud\u011bjovica i iz Maribora.\u00a0<\/span><span style=\"font-weight: 400;\">Zbog epidemiolo\u0161ke situacije u\u010denici i profesori bili su smje\u0161teni u hotelu, a ne u obiteljima kako je to bilo planirano\u00a0<\/span><span style=\"font-weight: 400;\">na po\u010detku projekta. U radnom ozra\u010dju proveli smo nekoliko dana u Zagrebu gdje smo napravili analize<\/span> <span style=\"font-weight: 400;\">pojavnosti\u00a0<\/span><span style=\"font-weight: 400;\">li\u0161ajeva i <\/span><span style=\"font-weight: 400;\">fizikalno-kemijsku analizu<\/span> <span style=\"font-weight: 400;\">okolnih voda. Sudionike smo upoznali s na\u0161im gradom, bili na Adventu, dru\u017eili se\u00a0<\/span><span style=\"font-weight: 400;\">i skupili lijepe<\/span> <span style=\"font-weight: 400;\">uspomene\u2026<\/span><\/p>\n<p>Vi\u0161e mo\u017eete pro\u010ditati <a href=\"https:\/\/www.prva.hr\/wp-content\/uploads\/2022\/01\/WEB-LTT4-ZAGREB.docx.pdf\">ovdje<\/a>.<\/p>\n","protected":false},"excerpt":{"rendered":"<p>Od 6. prosinca do 10. prosinca 2021. na\u0161a \u0161kola bila je doma\u0107in u\u010denika i profesora iz \u010ce\u0161kih Bud\u011bjovica i iz Maribora.\u00a0Zbog epidemiolo\u0161ke situacije u\u010denici i profesori bili su smje\u0161teni u hotelu, a ne u obiteljima kako je to bilo planirano\u00a0na po\u010detku projekta. U radnom ozra\u010dju proveli smo nekoliko dana u Zagrebu gdje smo napravili analize [&hellip;]<\/p>\n","protected":false},"author":7,"featured_media":10937,"comment_status":"closed","ping_status":"closed","sticky":false,"template":"","format":"standard","meta":{"_et_pb_use_builder":"","_et_pb_old_content":"","_et_gb_content_width":"","footnotes":""},"categories":[66,4],"tags":[],"class_list":["post-10798","post","type-post","status-publish","format-standard","has-post-thumbnail","hentry","category-aktivnosti-projekti-erasmus","category-najnovije-vijesti"],"_links":{"self":[{"href":"https:\/\/prva.hr\/index.php\/wp-json\/wp\/v2\/posts\/10798","targetHints":{"allow":["GET"]}}],"collection":[{"href":"https:\/\/prva.hr\/index.php\/wp-json\/wp\/v2\/posts"}],"about":[{"href":"https:\/\/prva.hr\/index.php\/wp-json\/wp\/v2\/types\/post"}],"author":[{"embeddable":true,"href":"https:\/\/prva.hr\/index.php\/wp-json\/wp\/v2\/users\/7"}],"replies":[{"embeddable":true,"href":"https:\/\/prva.hr\/index.php\/wp-json\/wp\/v2\/comments?post=10798"}],"version-history":[{"count":1,"href":"https:\/\/prva.hr\/index.php\/wp-json\/wp\/v2\/posts\/10798\/revisions"}],"predecessor-version":[{"id":10800,"href":"https:\/\/prva.hr\/index.php\/wp-json\/wp\/v2\/posts\/10798\/revisions\/10800"}],"wp:featuredmedia":[{"embeddable":true,"href":"https:\/\/prva.hr\/index.php\/wp-json\/wp\/v2\/media\/10937"}],"wp:attachment":[{"href":"https:\/\/prva.hr\/index.php\/wp-json\/wp\/v2\/media?parent=10798"}],"wp:term":[{"taxonomy":"category","embeddable":true,"href":"https:\/\/prva.hr\/index.php\/wp-json\/wp\/v2\/categories?post=10798"},{"taxonomy":"post_tag","embeddable":true,"href":"https:\/\/prva.hr\/index.php\/wp-json\/wp\/v2\/tags?post=10798"}],"curies":[{"name":"wp","href":"https:\/\/api.w.org\/{rel}","templated":true}]}}