{"id":1085,"date":"2016-05-11T12:34:32","date_gmt":"2016-05-11T10:34:32","guid":{"rendered":"http:\/\/www2.prva.hr\/?p=1085"},"modified":"2017-08-07T12:34:50","modified_gmt":"2017-08-07T10:34:50","slug":"otvoreni-dan-i-gimnazije","status":"publish","type":"post","link":"https:\/\/prva.hr\/index.php\/2016\/05\/11\/otvoreni-dan-i-gimnazije\/","title":{"rendered":"Otvoreni dan I. gimnazije"},"content":{"rendered":"<h1><span style=\"font-family: 'arial black', 'avant garde';\"><strong>Pozivamo vas<\/strong><\/span><\/h1>\n<p><strong>18.05.2016. u 18:00 <\/strong><strong>na <\/strong><\/p>\n<p>&nbsp;<\/p>\n<p><strong>Otvoreni dan I. gimnazije!<\/strong><\/p>\n<p>&nbsp;<\/p>\n<p>Do\u0111ite, pogledajte i iskusite atmosferu\u00a0<em>Prve<\/em>!<br \/>\nNije va\u017eno odakle dolazite ve\u0107 kamo \u017eelite sti\u0107i.<br \/>\n<em>Prva<\/em> \u0107e vam u tome pomo\u0107i!<\/p>\n<p>&nbsp;<\/p>\n<p><img decoding=\"async\" data-src=\"http:\/\/www.prva.hr\/images\/pdf\/letak-Dan%20otvorenih%20vrata%202016.jpg\" width=\"500\" height=\"333\" border=\"0\" src=\"data:image\/svg+xml;base64,PHN2ZyB3aWR0aD0iMSIgaGVpZ2h0PSIxIiB4bWxucz0iaHR0cDovL3d3dy53My5vcmcvMjAwMC9zdmciPjwvc3ZnPg==\" class=\"lazyload\" style=\"--smush-placeholder-width: 500px; --smush-placeholder-aspect-ratio: 500\/333;\" \/><\/p>\n<p>&nbsp;<\/p>\n<p>&nbsp;<\/p>\n","protected":false},"excerpt":{"rendered":"<p>Pozivamo vas 18.05.2016. u 18:00 na &nbsp; Otvoreni dan I. gimnazije! &nbsp; Do\u0111ite, pogledajte i iskusite atmosferu\u00a0Prve! Nije va\u017eno odakle dolazite ve\u0107 kamo \u017eelite sti\u0107i. Prva \u0107e vam u tome pomo\u0107i! &nbsp; &nbsp; &nbsp;<\/p>\n","protected":false},"author":1,"featured_media":0,"comment_status":"closed","ping_status":"closed","sticky":false,"template":"","format":"standard","meta":{"_et_pb_use_builder":"","_et_pb_old_content":"","_et_gb_content_width":"","footnotes":""},"categories":[9],"tags":[],"class_list":["post-1085","post","type-post","status-publish","format-standard","hentry","category-arhiva"],"_links":{"self":[{"href":"https:\/\/prva.hr\/index.php\/wp-json\/wp\/v2\/posts\/1085","targetHints":{"allow":["GET"]}}],"collection":[{"href":"https:\/\/prva.hr\/index.php\/wp-json\/wp\/v2\/posts"}],"about":[{"href":"https:\/\/prva.hr\/index.php\/wp-json\/wp\/v2\/types\/post"}],"author":[{"embeddable":true,"href":"https:\/\/prva.hr\/index.php\/wp-json\/wp\/v2\/users\/1"}],"replies":[{"embeddable":true,"href":"https:\/\/prva.hr\/index.php\/wp-json\/wp\/v2\/comments?post=1085"}],"version-history":[{"count":1,"href":"https:\/\/prva.hr\/index.php\/wp-json\/wp\/v2\/posts\/1085\/revisions"}],"predecessor-version":[{"id":1086,"href":"https:\/\/prva.hr\/index.php\/wp-json\/wp\/v2\/posts\/1085\/revisions\/1086"}],"wp:attachment":[{"href":"https:\/\/prva.hr\/index.php\/wp-json\/wp\/v2\/media?parent=1085"}],"wp:term":[{"taxonomy":"category","embeddable":true,"href":"https:\/\/prva.hr\/index.php\/wp-json\/wp\/v2\/categories?post=1085"},{"taxonomy":"post_tag","embeddable":true,"href":"https:\/\/prva.hr\/index.php\/wp-json\/wp\/v2\/tags?post=1085"}],"curies":[{"name":"wp","href":"https:\/\/api.w.org\/{rel}","templated":true}]}}