{"id":10993,"date":"2022-02-15T15:25:17","date_gmt":"2022-02-15T14:25:17","guid":{"rendered":"https:\/\/www.prva.hr\/?p=10993"},"modified":"2022-02-15T15:25:17","modified_gmt":"2022-02-15T14:25:17","slug":"javni-poziv-za-dodjelu-nagrade-za-kratku-pricu-o-domovinskom-ratu-za-ucenike-srednjih-skola","status":"publish","type":"post","link":"https:\/\/prva.hr\/index.php\/2022\/02\/15\/javni-poziv-za-dodjelu-nagrade-za-kratku-pricu-o-domovinskom-ratu-za-ucenike-srednjih-skola\/","title":{"rendered":"Javni poziv za dodjelu nagrade za kratku pri\u010du o Domovinskom ratu za u\u010denike srednjih \u0161kola"},"content":{"rendered":"<p>Ministarstvo hrvatskih branitelja pripremilo je Javni poziv za dodjelu nagrade za kratku pri\u010du o Domovinskom ratu za u\u010denike srednjih \u0161kola.<br \/>\nS obzirom da je mogu\u0107nost prijave je od 14. velja\u010de do 16. o\u017eujka 2022. godine, u privitku ove elektronske poruke dostavljamo dopis Ministarstva te link internetske stranice na kojoj je objavljen Javni poziv, a koji sadr\u017ei sve potrebne informacije u svezi prijave na isti.\u00a0 \u00a0\u00a0<a href=\"https:\/\/branitelji.gov.hr\/o-ministarstvu-15\/javne-rasprave\/javni-pozivi\/aktualni-javni-pozivi\/919\" target=\"_blank\" rel=\"noopener noreferrer\" data-saferedirecturl=\"https:\/\/www.google.com\/url?q=https:\/\/branitelji.gov.hr\/o-ministarstvu-15\/javne-rasprave\/javni-pozivi\/aktualni-javni-pozivi\/919&amp;source=gmail&amp;ust=1645021424742000&amp;usg=AOvVaw2a3g5YC2Mko7gc_6yobjVV\">https:\/\/branitelji.gov.hr\/o-<wbr \/>ministarstvu-15\/javne-<wbr \/>rasprave\/javni-pozivi\/<wbr \/>aktualni-javni-pozivi\/919<\/a>&lt;<a href=\"https:\/\/eur03.safelinks.protection.outlook.com\/?url=https%3A%2F%2Fbranitelji.gov.hr%2Fo-ministarstvu-15%2Fjavne-rasprave%2Fjavni-pozivi%2Faktualni-javni-pozivi%2F919&amp;data=04%7C01%7Cstrucna.sluzba.gradske.uprave%40zagreb.hr%7Cb50c8a3a878b4e3055dd08d9ef8d4fb2%7C375c85f8951d4b789ccb432b1ab4caea%7C1%7C0%7C637804212607601659%7CUnknown%7CTWFpbGZsb3d8eyJWIjoiMC4wLjAwMDAiLCJQIjoiV2luMzIiLCJBTiI6Ik1haWwiLCJXVCI6Mn0%3D%7C3000&amp;sdata=qRZ4UG2WNk7KZGZsWzb1nNyxQColSC%2F3WJCcbid0BuU%3D&amp;reserved=0\" target=\"_blank\" rel=\"noopener noreferrer\" data-saferedirecturl=\"https:\/\/www.google.com\/url?q=https:\/\/eur03.safelinks.protection.outlook.com\/?url%3Dhttps%253A%252F%252Fbranitelji.gov.hr%252Fo-ministarstvu-15%252Fjavne-rasprave%252Fjavni-pozivi%252Faktualni-javni-pozivi%252F919%26data%3D04%257C01%257Cstrucna.sluzba.gradske.uprave%2540zagreb.hr%257Cb50c8a3a878b4e3055dd08d9ef8d4fb2%257C375c85f8951d4b789ccb432b1ab4caea%257C1%257C0%257C637804212607601659%257CUnknown%257CTWFpbGZsb3d8eyJWIjoiMC4wLjAwMDAiLCJQIjoiV2luMzIiLCJBTiI6Ik1haWwiLCJXVCI6Mn0%253D%257C3000%26sdata%3DqRZ4UG2WNk7KZGZsWzb1nNyxQColSC%252F3WJCcbid0BuU%253D%26reserved%3D0&amp;source=gmail&amp;ust=1645021424742000&amp;usg=AOvVaw0LJFq-7c7sSx9QRuDvjLSy\">http<wbr \/>s:\/\/eur03.safelinks.<wbr \/>protection.outlook.com\/?url=<wbr \/>https%3A%2F%2Fbranitelji.gov.<wbr \/>hr%2Fo-ministarstvu-15%<wbr \/>2Fjavne-rasprave%2Fjavni-<wbr \/>pozivi%2Faktualni-javni-<wbr \/>pozivi%2F919&amp;data=04%7C01%<wbr \/>7Cstrucna.sluzba.gradske.<wbr \/>uprave%40zagreb.hr%<wbr \/>7Cb50c8a3a878b4e3055dd08d9ef8d<wbr \/>4fb2%<wbr \/>7C375c85f8951d4b789ccb432b1ab4<wbr \/>caea%7C1%7C0%<wbr \/>7C637804212607601659%<wbr \/>7CUnknown%<wbr \/>7CTWFpbGZsb3d8eyJWIjoiMC4wLjAw<wbr \/>MDAiLCJQIjoiV2luMzIiLCJBTiI6Ik<wbr \/>1haWwiLCJXVCI6Mn0%3D%7C3000&amp;<wbr \/>sdata=<wbr \/>qRZ4UG2WNk7KZGZsWzb1nNyxQColSC<wbr \/>%2F3WJCcbid0BuU%3D&amp;reserved=0<\/a>&gt;<\/p>\n","protected":false},"excerpt":{"rendered":"<p>Ministarstvo hrvatskih branitelja pripremilo je Javni poziv za dodjelu nagrade za kratku pri\u010du o Domovinskom ratu za u\u010denike srednjih \u0161kola. S obzirom da je mogu\u0107nost prijave je od 14. velja\u010de do 16. o\u017eujka 2022. godine, u privitku ove elektronske poruke dostavljamo dopis Ministarstva te link internetske stranice na kojoj je objavljen Javni poziv, a koji [&hellip;]<\/p>\n","protected":false},"author":7,"featured_media":0,"comment_status":"closed","ping_status":"closed","sticky":false,"template":"","format":"standard","meta":{"_et_pb_use_builder":"","_et_pb_old_content":"","_et_gb_content_width":"","footnotes":""},"categories":[14],"tags":[],"class_list":["post-10993","post","type-post","status-publish","format-standard","hentry","category-dogadanja-izvan-skole"],"_links":{"self":[{"href":"https:\/\/prva.hr\/index.php\/wp-json\/wp\/v2\/posts\/10993","targetHints":{"allow":["GET"]}}],"collection":[{"href":"https:\/\/prva.hr\/index.php\/wp-json\/wp\/v2\/posts"}],"about":[{"href":"https:\/\/prva.hr\/index.php\/wp-json\/wp\/v2\/types\/post"}],"author":[{"embeddable":true,"href":"https:\/\/prva.hr\/index.php\/wp-json\/wp\/v2\/users\/7"}],"replies":[{"embeddable":true,"href":"https:\/\/prva.hr\/index.php\/wp-json\/wp\/v2\/comments?post=10993"}],"version-history":[{"count":1,"href":"https:\/\/prva.hr\/index.php\/wp-json\/wp\/v2\/posts\/10993\/revisions"}],"predecessor-version":[{"id":10994,"href":"https:\/\/prva.hr\/index.php\/wp-json\/wp\/v2\/posts\/10993\/revisions\/10994"}],"wp:attachment":[{"href":"https:\/\/prva.hr\/index.php\/wp-json\/wp\/v2\/media?parent=10993"}],"wp:term":[{"taxonomy":"category","embeddable":true,"href":"https:\/\/prva.hr\/index.php\/wp-json\/wp\/v2\/categories?post=10993"},{"taxonomy":"post_tag","embeddable":true,"href":"https:\/\/prva.hr\/index.php\/wp-json\/wp\/v2\/tags?post=10993"}],"curies":[{"name":"wp","href":"https:\/\/api.w.org\/{rel}","templated":true}]}}