{"id":1109,"date":"2016-07-06T12:44:12","date_gmt":"2016-07-06T10:44:12","guid":{"rendered":"http:\/\/www2.prva.hr\/?p=1109"},"modified":"2017-08-07T12:44:52","modified_gmt":"2017-08-07T10:44:52","slug":"upisi-u-1-razred-u-sk-god-2016-2017","status":"publish","type":"post","link":"https:\/\/prva.hr\/index.php\/2016\/07\/06\/upisi-u-1-razred-u-sk-god-2016-2017\/","title":{"rendered":"Upisi u 1. razred u \u0161k. god. 2016.\/2017."},"content":{"rendered":"<p>Upisi u 1. razred I. gimnazije za \u0161kolsku godinu 2016.\/2017. bit \u0107e u<\/p>\n<p><strong>ponedjeljak (11. srpnja) od 13 do 17 sati i <\/strong><strong>utorak (12. srpnja) od 10 do 14 sati<\/strong><strong>.<\/strong><\/p>\n<p><strong>Obvezni dokumenti za prijavu:<\/strong><\/p>\n<p><strong>1. Upisnica <\/strong>(potpuno popunjena i potpisana od strane djeteta i roditelja\/skrbnika)<\/p>\n<p><strong>2. Originali svjedod\u017ebi vi\u0161ih razreda osnovne \u0161kole <\/strong>(od 5. do 8. razreda)<\/p>\n<p><strong>3. Odgovaraju\u0107i dokumenti na temelju kojih je u\u010denik stekao pravo na direktni upis ili dodatne bodove <\/strong>(zdravstvene te\u0161ko\u0107e, dr\u017eavna natjecanja u znanju, te\u0161ko\u0107e u razvoju, ote\u017eani uvjeti i ostalo).<\/p>\n<p>U\u010denici koji su ostvarili pravo na dodatne bodove na temelju postignutih rezultata na dr\u017eavnim natjecanjima u sportu Hrvatski \u0161kolski sportski savez ne\u0107e izdavati uvjerenja kojim bi u\u010denici osnovnih \u0161kola stjecali dodatne bodove za upis u srednju \u0161kolu. Podaci o ostvarenom uspjehu u natjecanjima \u0161kolskog sporta, a temeljem kojih u\u010denici stje\u010du pravo na dodatne bodove za upis u srednju \u0161kolu, dostavljeni su nadle\u017enom ministarstvu te u\u010denici nisu obvezni donositi uvjerenje pri upisu u I. gimnaziju.<\/p>\n<p>Pozivamo <strong>u\u010denike s te\u0161ko\u0107ama i njihove roditelje<\/strong> da do\u0111u na upis u 1. razred u <strong>ponedjeljak (11. srpnja) od 10 do 14 sati<\/strong> s potrebnom dokumentacijom (Upisnica, Originalni svjedod\u017ebi vi\u0161ih razreda osnovne \u0161kole, Stru\u010dno mi\u0161ljenje slu\u017ebe za profesionalno usmjeravanje Hrvatskog zavoda za zapo\u0161ljavanje, Stru\u010dno mi\u0161ljenje \u0161kolskog lije\u010dnika za profesionalnu orijentaciju u\u010denika, Rje\u0161enje Gradskog ureda za obrazovanje, kulturu i \u0161port o primjerenom obliku \u0161kolovanja te dva osnovna lije\u010dni\u010dka nalaza ne starija vi\u0161e od godinu dana).<\/p>\n<p>&nbsp;<\/p>\n<p>U\u010denicima koji \u0107e poha\u0111ati 1. razred \u0161kolske godine 2016.\/2017. nudimo i\u00a0fakultativnu nastavu iz stranog jezika koji ne u\u010de u redovnom programu, a to je\u00a0talijanski jezik-za po\u010detnike. Fakultativni predmet ne moraju odabrati svi u\u010denici, ve\u0107 samo oni koji to \u017eele. Ukoliko u\u010denici odaberu talijanski jezik du\u017eni su ga poha\u0111ati jednom tjedno cijelu \u0161kolsku godinu, a ocjena iz tog predmeta upisuje se u svjedod\u017ebu i ulazi u op\u0107i uspjeh. Ispunjen i potpisan obrazac potrebno je donijeti <strong>na upis sa svim ostalim dokumentima.<\/strong><\/p>\n<p>Obrazac za prijavu poha\u0111anja fakultativnog predmeta mo\u017eete preuzeti\u00a0<a href=\"http:\/\/www.prva.hr\/images\/pdf\/obrazac%20za%20fakultativnu%20nastavu.docx\" target=\"_blank\">ovdje<\/a><\/p>\n<p>&nbsp;<\/p>\n<p>Pozivaju se svi zainteresirani u\u010denici za u\u010denje ma\u0111arskog, makedonskog ili \u010de\u0161kog jezika po modelu C da ispunjenu prijavnicu donesu na dan upisa.<\/p>\n<p>Prijavnica za poha\u0111anje nastave ma\u0111arskog,\u00a0makedonskog ili \u010de\u0161kog jezika po modelu C nalazi se <a href=\"http:\/\/www.prva.hr\/images\/pdf\/strani%20jezici%20po%20modelu%20C.doc\" target=\"_blank\">ovdje<\/a>.<\/p>\n","protected":false},"excerpt":{"rendered":"<p>Upisi u 1. razred I. gimnazije za \u0161kolsku godinu 2016.\/2017. bit \u0107e u ponedjeljak (11. srpnja) od 13 do 17 sati i utorak (12. srpnja) od 10 do 14 sati. Obvezni dokumenti za prijavu: 1. Upisnica (potpuno popunjena i potpisana od strane djeteta i roditelja\/skrbnika) 2. Originali svjedod\u017ebi vi\u0161ih razreda osnovne \u0161kole (od 5. do [&hellip;]<\/p>\n","protected":false},"author":1,"featured_media":0,"comment_status":"closed","ping_status":"closed","sticky":false,"template":"","format":"standard","meta":{"_et_pb_use_builder":"","_et_pb_old_content":"","_et_gb_content_width":"","footnotes":""},"categories":[9],"tags":[],"class_list":["post-1109","post","type-post","status-publish","format-standard","hentry","category-arhiva"],"_links":{"self":[{"href":"https:\/\/prva.hr\/index.php\/wp-json\/wp\/v2\/posts\/1109","targetHints":{"allow":["GET"]}}],"collection":[{"href":"https:\/\/prva.hr\/index.php\/wp-json\/wp\/v2\/posts"}],"about":[{"href":"https:\/\/prva.hr\/index.php\/wp-json\/wp\/v2\/types\/post"}],"author":[{"embeddable":true,"href":"https:\/\/prva.hr\/index.php\/wp-json\/wp\/v2\/users\/1"}],"replies":[{"embeddable":true,"href":"https:\/\/prva.hr\/index.php\/wp-json\/wp\/v2\/comments?post=1109"}],"version-history":[{"count":1,"href":"https:\/\/prva.hr\/index.php\/wp-json\/wp\/v2\/posts\/1109\/revisions"}],"predecessor-version":[{"id":1110,"href":"https:\/\/prva.hr\/index.php\/wp-json\/wp\/v2\/posts\/1109\/revisions\/1110"}],"wp:attachment":[{"href":"https:\/\/prva.hr\/index.php\/wp-json\/wp\/v2\/media?parent=1109"}],"wp:term":[{"taxonomy":"category","embeddable":true,"href":"https:\/\/prva.hr\/index.php\/wp-json\/wp\/v2\/categories?post=1109"},{"taxonomy":"post_tag","embeddable":true,"href":"https:\/\/prva.hr\/index.php\/wp-json\/wp\/v2\/tags?post=1109"}],"curies":[{"name":"wp","href":"https:\/\/api.w.org\/{rel}","templated":true}]}}