{"id":1121,"date":"2016-08-29T12:49:00","date_gmt":"2016-08-29T10:49:00","guid":{"rendered":"http:\/\/www2.prva.hr\/?p=1121"},"modified":"2017-08-07T12:49:23","modified_gmt":"2017-08-07T10:49:23","slug":"podjela-udzbenika-za-ucenike","status":"publish","type":"post","link":"https:\/\/prva.hr\/index.php\/2016\/08\/29\/podjela-udzbenika-za-ucenike\/","title":{"rendered":"Podjela ud\u017ebenika za u\u010denike"},"content":{"rendered":"<p>Podjela ud\u017ebenika za u\u010denike <strong>2. i 4. razreda <\/strong>bit \u0107e u <strong>\u010detvrtak, 1. rujna 2016. <\/strong>u prostorijama \u0161kole na<strong> 1. katu<\/strong><strong> prema rasporedu: <\/strong><\/p>\n<table border=\"0\">\n<tbody>\n<tr>\n<td><strong>2. razredi &#8211; u\u010dionica 222<\/strong><\/td>\n<td><\/td>\n<td><strong>4. razredi &#8211; u\u010dionica 209<\/strong><\/td>\n<\/tr>\n<tr>\n<td>2.a &#8211; 16,30 &#8211; 17,00 sati<\/td>\n<td><\/td>\n<td>4.a &#8211; 16,00 &#8211; 16,30 sati<\/td>\n<\/tr>\n<tr>\n<td>2.b &#8211; 17,00 &#8211; 17,30 sati<\/td>\n<td><\/td>\n<td>4.b &#8211;\u00a016,30 &#8211; 17,00 sati<\/td>\n<\/tr>\n<tr>\n<td>2.c &#8211; 17,30 &#8211; 18,00 sati<\/td>\n<td><\/td>\n<td>4.c &#8211;\u00a017,00 &#8211; 17,30 sati<\/td>\n<\/tr>\n<tr>\n<td>2.d &#8211; 18,00 &#8211; 18,30 sati<\/td>\n<td><\/td>\n<td>4.d &#8211;\u00a017,30 &#8211; 18,00 sati<\/td>\n<\/tr>\n<tr>\n<td>2.e &#8211; 18,30 &#8211; 19,00 sati<\/td>\n<td><\/td>\n<td>4.e &#8211;\u00a018,00 &#8211; 18,30 sati<\/td>\n<\/tr>\n<tr>\n<td><\/td>\n<td><\/td>\n<td>4.f &#8211;\u00a018,30 &#8211; 19,00 sati<\/td>\n<\/tr>\n<\/tbody>\n<\/table>\n<p>Podjela ud\u017ebenika za u\u010denike <strong>1<\/strong><strong>. i 3. razreda <\/strong>bit \u0107e u <strong>petak, 2<\/strong><strong>. rujna 2016. <\/strong>u prostorijama \u0161kole na<strong> 1. katu<\/strong><strong> prema rasporedu: <\/strong><\/p>\n<table border=\"0\">\n<tbody>\n<tr>\n<td><strong>1. razredi &#8211; u\u010dionica 221<\/strong><\/td>\n<td><\/td>\n<td><strong>3. razredi &#8211; u\u010dionica 208<\/strong><\/td>\n<\/tr>\n<tr>\n<td>1.a &#8211;\u00a016,30 &#8211; 17,00 sati<\/td>\n<td><\/td>\n<td>3.a &#8211; 16,30 &#8211; 17,00 sati<\/td>\n<\/tr>\n<tr>\n<td>1.b &#8211;\u00a017,00 &#8211; 17,30 sati<\/td>\n<td><\/td>\n<td>3.b &#8211;\u00a017,00 &#8211; 17,30 sati<\/td>\n<\/tr>\n<tr>\n<td>1.c &#8211;\u00a017,30 &#8211; 18,00 sati<\/td>\n<td><\/td>\n<td>3.c &#8211;\u00a017,30 &#8211; 18,00 sati<\/td>\n<\/tr>\n<tr>\n<td>1.d &#8211;\u00a018,00 &#8211; 18,30 sati<\/td>\n<td><\/td>\n<td>3.d &#8211;\u00a018,00 &#8211; 18,30 sati<\/td>\n<\/tr>\n<tr>\n<td>1.e &#8211;\u00a018,30 &#8211; 19,00 sati<\/td>\n<td><\/td>\n<td>3.e &#8211;\u00a018,30 &#8211; 19,00 sati<\/td>\n<\/tr>\n<\/tbody>\n<\/table>\n<p>&nbsp;<\/p>\n<p>Ud\u017ebenike moraju do\u0107i\u00a0<strong>osobno preuzeti roditelji\/skrbnici u\u010denika<\/strong> kada \u0107e potpisati revers za ud\u017ebenike koje je u\u010denik dobio. Mole se roditelji\/skrbnici da prilikom dolaska i preuzimanja ud\u017ebenika ponesu neki\u00a0<strong>identifikacijski dokument<\/strong> kao i vre\u0107ice gdje \u0107e mo\u0107i odlo\u017eiti preuzete ud\u017ebenike.<\/p>\n<p>&nbsp;<\/p>\n<p>Ud\u017ebenike koji nisu pristigli do dana isporuke, u\u010denici \u0107e dobiti naknadno.<\/p>\n","protected":false},"excerpt":{"rendered":"<p>Podjela ud\u017ebenika za u\u010denike 2. i 4. razreda bit \u0107e u \u010detvrtak, 1. rujna 2016. u prostorijama \u0161kole na 1. katu prema rasporedu: 2. razredi &#8211; u\u010dionica 222 4. razredi &#8211; u\u010dionica 209 2.a &#8211; 16,30 &#8211; 17,00 sati 4.a &#8211; 16,00 &#8211; 16,30 sati 2.b &#8211; 17,00 &#8211; 17,30 sati 4.b &#8211;\u00a016,30 &#8211; 17,00 [&hellip;]<\/p>\n","protected":false},"author":1,"featured_media":0,"comment_status":"closed","ping_status":"closed","sticky":false,"template":"","format":"standard","meta":{"_et_pb_use_builder":"","_et_pb_old_content":"","_et_gb_content_width":"","footnotes":""},"categories":[9],"tags":[],"class_list":["post-1121","post","type-post","status-publish","format-standard","hentry","category-arhiva"],"_links":{"self":[{"href":"https:\/\/prva.hr\/index.php\/wp-json\/wp\/v2\/posts\/1121","targetHints":{"allow":["GET"]}}],"collection":[{"href":"https:\/\/prva.hr\/index.php\/wp-json\/wp\/v2\/posts"}],"about":[{"href":"https:\/\/prva.hr\/index.php\/wp-json\/wp\/v2\/types\/post"}],"author":[{"embeddable":true,"href":"https:\/\/prva.hr\/index.php\/wp-json\/wp\/v2\/users\/1"}],"replies":[{"embeddable":true,"href":"https:\/\/prva.hr\/index.php\/wp-json\/wp\/v2\/comments?post=1121"}],"version-history":[{"count":1,"href":"https:\/\/prva.hr\/index.php\/wp-json\/wp\/v2\/posts\/1121\/revisions"}],"predecessor-version":[{"id":1122,"href":"https:\/\/prva.hr\/index.php\/wp-json\/wp\/v2\/posts\/1121\/revisions\/1122"}],"wp:attachment":[{"href":"https:\/\/prva.hr\/index.php\/wp-json\/wp\/v2\/media?parent=1121"}],"wp:term":[{"taxonomy":"category","embeddable":true,"href":"https:\/\/prva.hr\/index.php\/wp-json\/wp\/v2\/categories?post=1121"},{"taxonomy":"post_tag","embeddable":true,"href":"https:\/\/prva.hr\/index.php\/wp-json\/wp\/v2\/tags?post=1121"}],"curies":[{"name":"wp","href":"https:\/\/api.w.org\/{rel}","templated":true}]}}