{"id":1125,"date":"2016-09-01T12:51:44","date_gmt":"2016-09-01T10:51:44","guid":{"rendered":"http:\/\/www2.prva.hr\/?p=1125"},"modified":"2017-08-07T12:52:09","modified_gmt":"2017-08-07T10:52:09","slug":"pocetak-nastave-sk-god-2016-2017","status":"publish","type":"post","link":"https:\/\/prva.hr\/index.php\/2016\/09\/01\/pocetak-nastave-sk-god-2016-2017\/","title":{"rendered":"Po\u010detak nastave \u0161k. god. 2016.\/2017."},"content":{"rendered":"<p>Nastava po\u010dinje u ponedjeljak, 5. rujna 2016. prema sljede\u0107em rasporedu:<\/p>\n<p>U\u010denici 1.\u00a0razreda trebaju do\u0107i u \u0161kolu u 8,00 sati u kino dvoranu (u prizemlju \u0161kole).\u00a0Nakon pozdravne rije\u010di ravnateljice, u\u010denici \u0107e s razrednicima nastaviti rad na satu razrednika.<\/p>\n<p>1.a &#8211; 320<\/p>\n<p>1.b &#8211; 216<\/p>\n<p>1.c &#8211; 217<\/p>\n<p>1.d &#8211; 318<\/p>\n<p>1.e &#8211; 315<\/p>\n<p>U\u010denici 2., 3. i 4. razreda dolaze u 11,00 sati u kinodvoranu. Poslije \u0107e u\u010denici sa svojim razrednicima imati sat razrednika.<\/p>\n","protected":false},"excerpt":{"rendered":"<p>Nastava po\u010dinje u ponedjeljak, 5. rujna 2016. prema sljede\u0107em rasporedu: U\u010denici 1.\u00a0razreda trebaju do\u0107i u \u0161kolu u 8,00 sati u kino dvoranu (u prizemlju \u0161kole).\u00a0Nakon pozdravne rije\u010di ravnateljice, u\u010denici \u0107e s razrednicima nastaviti rad na satu razrednika. 1.a &#8211; 320 1.b &#8211; 216 1.c &#8211; 217 1.d &#8211; 318 1.e &#8211; 315 U\u010denici 2., 3. [&hellip;]<\/p>\n","protected":false},"author":1,"featured_media":0,"comment_status":"closed","ping_status":"closed","sticky":false,"template":"","format":"standard","meta":{"_et_pb_use_builder":"","_et_pb_old_content":"","_et_gb_content_width":"","footnotes":""},"categories":[9],"tags":[],"class_list":["post-1125","post","type-post","status-publish","format-standard","hentry","category-arhiva"],"_links":{"self":[{"href":"https:\/\/prva.hr\/index.php\/wp-json\/wp\/v2\/posts\/1125","targetHints":{"allow":["GET"]}}],"collection":[{"href":"https:\/\/prva.hr\/index.php\/wp-json\/wp\/v2\/posts"}],"about":[{"href":"https:\/\/prva.hr\/index.php\/wp-json\/wp\/v2\/types\/post"}],"author":[{"embeddable":true,"href":"https:\/\/prva.hr\/index.php\/wp-json\/wp\/v2\/users\/1"}],"replies":[{"embeddable":true,"href":"https:\/\/prva.hr\/index.php\/wp-json\/wp\/v2\/comments?post=1125"}],"version-history":[{"count":1,"href":"https:\/\/prva.hr\/index.php\/wp-json\/wp\/v2\/posts\/1125\/revisions"}],"predecessor-version":[{"id":1126,"href":"https:\/\/prva.hr\/index.php\/wp-json\/wp\/v2\/posts\/1125\/revisions\/1126"}],"wp:attachment":[{"href":"https:\/\/prva.hr\/index.php\/wp-json\/wp\/v2\/media?parent=1125"}],"wp:term":[{"taxonomy":"category","embeddable":true,"href":"https:\/\/prva.hr\/index.php\/wp-json\/wp\/v2\/categories?post=1125"},{"taxonomy":"post_tag","embeddable":true,"href":"https:\/\/prva.hr\/index.php\/wp-json\/wp\/v2\/tags?post=1125"}],"curies":[{"name":"wp","href":"https:\/\/api.w.org\/{rel}","templated":true}]}}