{"id":11324,"date":"2022-03-21T10:10:14","date_gmt":"2022-03-21T09:10:14","guid":{"rendered":"https:\/\/www.prva.hr\/?p=11324"},"modified":"2022-03-23T08:09:08","modified_gmt":"2022-03-23T07:09:08","slug":"rekordan-uspjeh-humanitarne-akcije-prva-od-srca-za-djecu-i-vrsnjake-ukrajine","status":"publish","type":"post","link":"https:\/\/prva.hr\/index.php\/2022\/03\/21\/rekordan-uspjeh-humanitarne-akcije-prva-od-srca-za-djecu-i-vrsnjake-ukrajine\/","title":{"rendered":"Rekordan uspjeh humanitarne akcije &#8220;Prva od srca za djecu i vr\u0161njake iz Ukrajine!&#8221;"},"content":{"rendered":"<p>I. gimnazija je jo\u0161 jednom pokazala veliko srce Prve!<\/p>\n<p>U organizaciji <strong>Volonterskog kluba<\/strong> i\u00a0 u suradnji s Hrvatskim Crvenim kri\u017eem, organizirana je velika humanitarna akcija\u00a0<strong>&#8220;Prva od srce za djecu i vr\u0161njake iz Ukrajine!&#8221;<\/strong>.<\/p>\n<p>U tjednu od <strong>14.-18. o\u017eujka 2022.<\/strong>\u00a0 na\u0161i volonteri\/ke koordinirali\u00a0 su prikupljanje prehrambenih namirnica, higijenskih potrep\u0161tina, \u0161kolskog pribora, igra\u010daka i dru\u0161tvenih igara namijenjenih za djecu i vr\u0161njake iz Ukrajine, smje\u0161tene u privremenim prihvatili\u0161tima Motela Plitvice i dr.<\/p>\n<p>Sjajan odaziv u\u010denika\/ica, nastavnika\/ica\u00a0 i djelatnika\/ica \u0161kole rezultirao je rekordnim uspjehom akcije!<\/p>\n<p><em>Prikupljeno je vi\u0161e od <strong>70 velikih paketa\/ kutija\u00a0 s preko 550 kg <\/strong><strong>\u00a0prehrambenih namirnic<\/strong>a, <strong>slatki\u0161a,\u00a0 higijenskih potrep\u0161tina, igra\u010daka i dru\u0161tvenih igara za djecu i vr\u0161njake iz Ukrajine!<\/strong><\/em><\/p>\n<p>Ukupno,\u00a0 <strong>darovali smo vi\u0161e od<\/strong>\u00a0\u00a0<strong>3300 potrep\u0161tina<\/strong>:<\/p>\n<p>preko\u00a0<strong>500 kom \u0161k. pribora<\/strong>, preko\u00a0\u00a0<strong>200 igra\u010daka i dru\u0161tvenih igra<\/strong>, preko <strong>1100 kg\/lit prehrambenih namirnica<\/strong>, preko <strong>500 pakiranja higijenskih maramica, dje\u010djih pelena<\/strong>\u00a0 \u00a0i preko <strong>1000 pakiranja ostalih higijenskih potrep\u0161tina<\/strong> (preko 260 pakiranja \u0161ampona, 140 kom sapuna, 300 pakiranja pasta za zube i \u010detkica, 110 krema i britvica za brijanje,\u00a0 50 pakiranja dje\u010djih krema, 20 pakiranja dezodoransa i 10 kompletiranih paketa mje\u0161ovite dje\u010dje opreme).<\/p>\n<p>Veliko hvala na\u0161im prijateljima iz Titu\u0161a da su nam se pridru\u017eili i podr\u017eali akciju.<\/p>\n<p>Na inicijativu na\u0161e volonterke Magdalene Mandi\u0107 iz 4.b i uz stru\u010dnu podr\u0161ku prof. Sare \u0160tiv\u010devi\u0107, osmi\u0161ljene su <strong>poruke mira i nade na ukrajinskom<\/strong> koje su volonteri \/ke i u\u010denici 4.b pro\u010ditali i poslali djeci i vr\u0161njacima iz Ukrajine, a\u00a0 na\u0161a Medijska grupa, zabilje\u017eila za objavu na na\u0161im dru\u0161tvenim mre\u017eama:<\/p>\n<p><a href=\"https:\/\/fb.watch\/bWw5JRQDil\/\">https:\/\/fb.watch\/bWw5JRQDil\/<\/a><\/p>\n<p><a href=\"https:\/\/www.instagram.com\/p\/CbXyOy3qa-c\/?utm_source=ig_web_copy_link\">https:\/\/www.instagram.com\/p\/CbXyOy3qa-c\/?utm_source=ig_web_copy_link<\/a><\/p>\n<p>&nbsp;<\/p>\n<p>Hvala svim u\u010denicima,\u00a0 volonterima, profesorima, djelatnicima I. gimnazije na doprinosu uspjehu ove vrijedne i humane akcije!<\/p>\n<p>&nbsp;<\/p>\n<p><img decoding=\"async\" class=\"alignnone size-medium wp-image-11340 lazyload\" data-src=\"https:\/\/www.prva.hr\/wp-content\/uploads\/2022\/03\/vk-foto-ukrajina1-300x225.jpg\" alt=\"\" width=\"300\" height=\"225\" data-srcset=\"https:\/\/prva.hr\/wp-content\/uploads\/2022\/03\/vk-foto-ukrajina1-300x225.jpg 300w, https:\/\/prva.hr\/wp-content\/uploads\/2022\/03\/vk-foto-ukrajina1-768x576.jpg 768w, https:\/\/prva.hr\/wp-content\/uploads\/2022\/03\/vk-foto-ukrajina1-1024x768.jpg 1024w, https:\/\/prva.hr\/wp-content\/uploads\/2022\/03\/vk-foto-ukrajina1-400x300.jpg 400w\" data-sizes=\"(max-width: 300px) 100vw, 300px\" src=\"data:image\/svg+xml;base64,PHN2ZyB3aWR0aD0iMSIgaGVpZ2h0PSIxIiB4bWxucz0iaHR0cDovL3d3dy53My5vcmcvMjAwMC9zdmciPjwvc3ZnPg==\" style=\"--smush-placeholder-width: 300px; --smush-placeholder-aspect-ratio: 300\/225;\" \/>\u00a0 \u00a0 \u00a0 \u00a0\u00a0<img decoding=\"async\" class=\"alignnone size-medium wp-image-11341 lazyload\" data-src=\"https:\/\/www.prva.hr\/wp-content\/uploads\/2022\/03\/vk-foto-u3-300x225.jpg\" alt=\"\" width=\"300\" height=\"225\" data-srcset=\"https:\/\/prva.hr\/wp-content\/uploads\/2022\/03\/vk-foto-u3-300x225.jpg 300w, https:\/\/prva.hr\/wp-content\/uploads\/2022\/03\/vk-foto-u3-768x576.jpg 768w, https:\/\/prva.hr\/wp-content\/uploads\/2022\/03\/vk-foto-u3-1024x768.jpg 1024w, https:\/\/prva.hr\/wp-content\/uploads\/2022\/03\/vk-foto-u3-400x300.jpg 400w\" data-sizes=\"(max-width: 300px) 100vw, 300px\" src=\"data:image\/svg+xml;base64,PHN2ZyB3aWR0aD0iMSIgaGVpZ2h0PSIxIiB4bWxucz0iaHR0cDovL3d3dy53My5vcmcvMjAwMC9zdmciPjwvc3ZnPg==\" style=\"--smush-placeholder-width: 300px; --smush-placeholder-aspect-ratio: 300\/225;\" \/>\u00a0 \u00a0 \u00a0\u00a0<img decoding=\"async\" class=\"alignnone size-medium wp-image-11342 lazyload\" data-src=\"https:\/\/www.prva.hr\/wp-content\/uploads\/2022\/03\/vk-foto-u-4-300x225.jpg\" alt=\"\" width=\"300\" height=\"225\" data-srcset=\"https:\/\/prva.hr\/wp-content\/uploads\/2022\/03\/vk-foto-u-4-300x225.jpg 300w, https:\/\/prva.hr\/wp-content\/uploads\/2022\/03\/vk-foto-u-4-768x576.jpg 768w, https:\/\/prva.hr\/wp-content\/uploads\/2022\/03\/vk-foto-u-4-1024x768.jpg 1024w, https:\/\/prva.hr\/wp-content\/uploads\/2022\/03\/vk-foto-u-4-400x300.jpg 400w\" data-sizes=\"(max-width: 300px) 100vw, 300px\" src=\"data:image\/svg+xml;base64,PHN2ZyB3aWR0aD0iMSIgaGVpZ2h0PSIxIiB4bWxucz0iaHR0cDovL3d3dy53My5vcmcvMjAwMC9zdmciPjwvc3ZnPg==\" style=\"--smush-placeholder-width: 300px; --smush-placeholder-aspect-ratio: 300\/225;\" \/>\u00a0 \u00a0 \u00a0 \u00a0 \u00a0 \u00a0 \u00a0 \u00a0 \u00a0 \u00a0 \u00a0 \u00a0 \u00a0 \u00a0\u00a0<img decoding=\"async\" class=\"alignnone size-medium wp-image-11343 lazyload\" data-src=\"https:\/\/www.prva.hr\/wp-content\/uploads\/2022\/03\/vk-foto-foto-poruke-1-225x300.jpg\" alt=\"\" width=\"225\" height=\"300\" data-srcset=\"https:\/\/prva.hr\/wp-content\/uploads\/2022\/03\/vk-foto-foto-poruke-1-225x300.jpg 225w, https:\/\/prva.hr\/wp-content\/uploads\/2022\/03\/vk-foto-foto-poruke-1-768x1024.jpg 768w\" data-sizes=\"(max-width: 225px) 100vw, 225px\" src=\"data:image\/svg+xml;base64,PHN2ZyB3aWR0aD0iMSIgaGVpZ2h0PSIxIiB4bWxucz0iaHR0cDovL3d3dy53My5vcmcvMjAwMC9zdmciPjwvc3ZnPg==\" style=\"--smush-placeholder-width: 225px; --smush-placeholder-aspect-ratio: 225\/300;\" \/><\/p>\n<p><img decoding=\"async\" class=\"alignnone size-medium wp-image-11349 lazyload\" data-src=\"https:\/\/www.prva.hr\/wp-content\/uploads\/2022\/03\/vk-poruke-ukrajina-last-300x147.jpg\" alt=\"\" width=\"300\" height=\"147\" data-srcset=\"https:\/\/prva.hr\/wp-content\/uploads\/2022\/03\/vk-poruke-ukrajina-last-300x147.jpg 300w, https:\/\/prva.hr\/wp-content\/uploads\/2022\/03\/vk-poruke-ukrajina-last-400x196.jpg 400w, https:\/\/prva.hr\/wp-content\/uploads\/2022\/03\/vk-poruke-ukrajina-last.jpg 697w\" data-sizes=\"(max-width: 300px) 100vw, 300px\" src=\"data:image\/svg+xml;base64,PHN2ZyB3aWR0aD0iMSIgaGVpZ2h0PSIxIiB4bWxucz0iaHR0cDovL3d3dy53My5vcmcvMjAwMC9zdmciPjwvc3ZnPg==\" style=\"--smush-placeholder-width: 300px; --smush-placeholder-aspect-ratio: 300\/147;\" \/><\/p>\n<p>&nbsp;<\/p>\n<p>Slike 1.-6. Veliki uspjeh humanitarne akcije I. gimnazije &#8220;Prva od srca za djecu i vr\u0161njake iz Ukrajine!&#8221;<\/p>\n","protected":false},"excerpt":{"rendered":"<p>I. gimnazija je jo\u0161 jednom pokazala veliko srce Prve! U organizaciji Volonterskog kluba i\u00a0 u suradnji s Hrvatskim Crvenim kri\u017eem, organizirana je velika humanitarna akcija\u00a0&#8220;Prva od srce za djecu i vr\u0161njake iz Ukrajine!&#8221;. U tjednu od 14.-18. o\u017eujka 2022.\u00a0 na\u0161i volonteri\/ke koordinirali\u00a0 su prikupljanje prehrambenih namirnica, higijenskih potrep\u0161tina, \u0161kolskog pribora, igra\u010daka i dru\u0161tvenih igara namijenjenih [&hellip;]<\/p>\n","protected":false},"author":6,"featured_media":11334,"comment_status":"closed","ping_status":"closed","sticky":false,"template":"","format":"standard","meta":{"_et_pb_use_builder":"","_et_pb_old_content":"","_et_gb_content_width":"","footnotes":""},"categories":[5,45,4],"tags":[],"class_list":["post-11324","post","type-post","status-publish","format-standard","has-post-thumbnail","hentry","category-aktivnosti","category-aktivnosti-izvannastavne-aktivnosti-volonterski-klub","category-najnovije-vijesti"],"_links":{"self":[{"href":"https:\/\/prva.hr\/index.php\/wp-json\/wp\/v2\/posts\/11324","targetHints":{"allow":["GET"]}}],"collection":[{"href":"https:\/\/prva.hr\/index.php\/wp-json\/wp\/v2\/posts"}],"about":[{"href":"https:\/\/prva.hr\/index.php\/wp-json\/wp\/v2\/types\/post"}],"author":[{"embeddable":true,"href":"https:\/\/prva.hr\/index.php\/wp-json\/wp\/v2\/users\/6"}],"replies":[{"embeddable":true,"href":"https:\/\/prva.hr\/index.php\/wp-json\/wp\/v2\/comments?post=11324"}],"version-history":[{"count":24,"href":"https:\/\/prva.hr\/index.php\/wp-json\/wp\/v2\/posts\/11324\/revisions"}],"predecessor-version":[{"id":11373,"href":"https:\/\/prva.hr\/index.php\/wp-json\/wp\/v2\/posts\/11324\/revisions\/11373"}],"wp:featuredmedia":[{"embeddable":true,"href":"https:\/\/prva.hr\/index.php\/wp-json\/wp\/v2\/media\/11334"}],"wp:attachment":[{"href":"https:\/\/prva.hr\/index.php\/wp-json\/wp\/v2\/media?parent=11324"}],"wp:term":[{"taxonomy":"category","embeddable":true,"href":"https:\/\/prva.hr\/index.php\/wp-json\/wp\/v2\/categories?post=11324"},{"taxonomy":"post_tag","embeddable":true,"href":"https:\/\/prva.hr\/index.php\/wp-json\/wp\/v2\/tags?post=11324"}],"curies":[{"name":"wp","href":"https:\/\/api.w.org\/{rel}","templated":true}]}}