{"id":11380,"date":"2022-03-23T11:00:41","date_gmt":"2022-03-23T10:00:41","guid":{"rendered":"https:\/\/www.prva.hr\/?p=11380"},"modified":"2022-03-25T07:47:20","modified_gmt":"2022-03-25T06:47:20","slug":"zahvalnica-i-gimnaziji-za-uspjesno-provedenu-humanitarnu-akciju-za-djecu-iz-ukrajine","status":"publish","type":"post","link":"https:\/\/prva.hr\/index.php\/2022\/03\/23\/zahvalnica-i-gimnaziji-za-uspjesno-provedenu-humanitarnu-akciju-za-djecu-iz-ukrajine\/","title":{"rendered":"Zahvalnica I. gimnaziji za uspje\u0161no provedenu humanitarnu akciju &#8220;Prva od srce za djecu i vr\u0161njake iz Ukrajine!&#8221;"},"content":{"rendered":"<p>I. gimnazija dobila je\u00a0<strong>Zahvalnicu Hrvatskog Crvenog kri\u017e<\/strong>a za humanitarnu akciju <strong>&#8220;Prva od srce za djecu i vr\u0161njake iz Ukrajine!<\/strong>&#8221; koja je uspje\u0161no provedena od 14. do 18. o\u017eujka 2022.<\/p>\n<p>Vi\u0161e o rekordnim rezultatima akcije na:\u00a0\u00a0<a href=\"https:\/\/www.prva.hr\/index.php\/2022\/03\/21\/rekordan-uspjeh-humanitarne-akcije-prva-od-srca-za-djecu-i-vrsnjake-ukrajine\/\">https:\/\/www.prva.hr\/index.php\/2022\/03\/21\/rekordan-uspjeh-humanitarne-akcije-prva-od-srca-za-djecu-i-vrsnjake-ukrajine\/<\/a><\/p>\n<p>&nbsp;<\/p>\n<p><img decoding=\"async\" class=\"alignnone wp-image-11384 lazyload\" data-src=\"https:\/\/www.prva.hr\/wp-content\/uploads\/2022\/03\/vk-foto-hck-300x225.jpg\" alt=\"\" width=\"393\" height=\"295\" data-srcset=\"https:\/\/prva.hr\/wp-content\/uploads\/2022\/03\/vk-foto-hck-300x225.jpg 300w, https:\/\/prva.hr\/wp-content\/uploads\/2022\/03\/vk-foto-hck-768x576.jpg 768w, https:\/\/prva.hr\/wp-content\/uploads\/2022\/03\/vk-foto-hck-1024x768.jpg 1024w, https:\/\/prva.hr\/wp-content\/uploads\/2022\/03\/vk-foto-hck-400x300.jpg 400w, https:\/\/prva.hr\/wp-content\/uploads\/2022\/03\/vk-foto-hck.jpg 2048w\" data-sizes=\"(max-width: 393px) 100vw, 393px\" src=\"data:image\/svg+xml;base64,PHN2ZyB3aWR0aD0iMSIgaGVpZ2h0PSIxIiB4bWxucz0iaHR0cDovL3d3dy53My5vcmcvMjAwMC9zdmciPjwvc3ZnPg==\" style=\"--smush-placeholder-width: 393px; --smush-placeholder-aspect-ratio: 393\/295;\" \/>\u00a0 \u00a0 \u00a0 \u00a0 \u00a0 \u00a0 \u00a0\u00a0<img decoding=\"async\" class=\"alignnone size-medium wp-image-11385 lazyload\" data-src=\"https:\/\/www.prva.hr\/wp-content\/uploads\/2022\/03\/vk-hck-foto-225x300.jpg\" alt=\"\" width=\"225\" height=\"300\" data-srcset=\"https:\/\/prva.hr\/wp-content\/uploads\/2022\/03\/vk-hck-foto-225x300.jpg 225w, https:\/\/prva.hr\/wp-content\/uploads\/2022\/03\/vk-hck-foto-768x1024.jpg 768w\" data-sizes=\"(max-width: 225px) 100vw, 225px\" src=\"data:image\/svg+xml;base64,PHN2ZyB3aWR0aD0iMSIgaGVpZ2h0PSIxIiB4bWxucz0iaHR0cDovL3d3dy53My5vcmcvMjAwMC9zdmciPjwvc3ZnPg==\" style=\"--smush-placeholder-width: 225px; --smush-placeholder-aspect-ratio: 225\/300;\" \/><\/p>\n<p>Slike:\u00a0 Prikupljene donacije I. gimnazije, uz poruke mira i nade za djecu i vr\u0161njake iz Ukrajine, preuzeli su djelatnici Hrvatskog Crvenog kri\u017ea<\/p>\n<p>&nbsp;<\/p>\n<p>&nbsp;<\/p>\n","protected":false},"excerpt":{"rendered":"<p>I. gimnazija dobila je\u00a0Zahvalnicu Hrvatskog Crvenog kri\u017ea za humanitarnu akciju &#8220;Prva od srce za djecu i vr\u0161njake iz Ukrajine!&#8221; koja je uspje\u0161no provedena od 14. do 18. o\u017eujka 2022. Vi\u0161e o rekordnim rezultatima akcije na:\u00a0\u00a0https:\/\/www.prva.hr\/index.php\/2022\/03\/21\/rekordan-uspjeh-humanitarne-akcije-prva-od-srca-za-djecu-i-vrsnjake-ukrajine\/ &nbsp; \u00a0 \u00a0 \u00a0 \u00a0 \u00a0 \u00a0 \u00a0\u00a0 Slike:\u00a0 Prikupljene donacije I. gimnazije, uz poruke mira i nade za djecu [&hellip;]<\/p>\n","protected":false},"author":6,"featured_media":11383,"comment_status":"closed","ping_status":"closed","sticky":false,"template":"","format":"standard","meta":{"_et_pb_use_builder":"","_et_pb_old_content":"","_et_gb_content_width":"","footnotes":""},"categories":[4,32],"tags":[],"class_list":["post-11380","post","type-post","status-publish","format-standard","has-post-thumbnail","hentry","category-najnovije-vijesti","category-o-skoli-nagrade-i-priznanja"],"_links":{"self":[{"href":"https:\/\/prva.hr\/index.php\/wp-json\/wp\/v2\/posts\/11380","targetHints":{"allow":["GET"]}}],"collection":[{"href":"https:\/\/prva.hr\/index.php\/wp-json\/wp\/v2\/posts"}],"about":[{"href":"https:\/\/prva.hr\/index.php\/wp-json\/wp\/v2\/types\/post"}],"author":[{"embeddable":true,"href":"https:\/\/prva.hr\/index.php\/wp-json\/wp\/v2\/users\/6"}],"replies":[{"embeddable":true,"href":"https:\/\/prva.hr\/index.php\/wp-json\/wp\/v2\/comments?post=11380"}],"version-history":[{"count":5,"href":"https:\/\/prva.hr\/index.php\/wp-json\/wp\/v2\/posts\/11380\/revisions"}],"predecessor-version":[{"id":11423,"href":"https:\/\/prva.hr\/index.php\/wp-json\/wp\/v2\/posts\/11380\/revisions\/11423"}],"wp:featuredmedia":[{"embeddable":true,"href":"https:\/\/prva.hr\/index.php\/wp-json\/wp\/v2\/media\/11383"}],"wp:attachment":[{"href":"https:\/\/prva.hr\/index.php\/wp-json\/wp\/v2\/media?parent=11380"}],"wp:term":[{"taxonomy":"category","embeddable":true,"href":"https:\/\/prva.hr\/index.php\/wp-json\/wp\/v2\/categories?post=11380"},{"taxonomy":"post_tag","embeddable":true,"href":"https:\/\/prva.hr\/index.php\/wp-json\/wp\/v2\/tags?post=11380"}],"curies":[{"name":"wp","href":"https:\/\/api.w.org\/{rel}","templated":true}]}}