{"id":1140,"date":"2016-10-03T12:58:52","date_gmt":"2016-10-03T10:58:52","guid":{"rendered":"http:\/\/www2.prva.hr\/?p=1140"},"modified":"2017-08-07T12:59:12","modified_gmt":"2017-08-07T10:59:12","slug":"testiranje-za-latinski-jezik-eccl-diploma-2","status":"publish","type":"post","link":"https:\/\/prva.hr\/index.php\/2016\/10\/03\/testiranje-za-latinski-jezik-eccl-diploma-2\/","title":{"rendered":"Testiranje za latinski jezik- ECCL diploma"},"content":{"rendered":"<p>Salvete! \ud83d\ude42<\/p>\n<p>Testiranje u okviru <strong>European Common Framework for Classical Languages<\/strong> na razini <strong>Vestibulum<\/strong> za latinski jezik odr\u017eat \u0107e se u na\u0161oj \u0161koli <strong>23.11.2016<\/strong>.<\/p>\n<p>Pozivam sve latiniste da se uklju\u010de i sudjeluju u ovom projektu\u00a0 koji se odvija u 25 europskih zemalja pod pokroviteljskom Europske komisije.<\/p>\n<p>&nbsp;<\/p>\n<p>Sve zainteresirane molim da mi se jave do <strong>27.10.2016.<\/strong><\/p>\n<p>&nbsp;<\/p>\n<p>Podatci o fondu znanja razine Vestibulum koji testovi pokrivaju nalaze se ovdje:<\/p>\n<p><a href=\"http:\/\/www.eccl-online.eu\/resources\/THE+EUROPEAN+CURRICULUM+FRAMEWORK+FOR+LATIN.pdf\" target=\"_blank\">http:\/\/www.eccl-online.eu\/resources\/THE+EUROPEAN+CURRICULUM+FRAMEWORK+FOR+LATIN.pdf<\/a><\/p>\n<p><a href=\"http:\/\/www.eccl-online.eu\/resources\/European+Curriculum+Framework+for+Ancient+Greek+.+19.10.2009.pdf\" target=\"_blank\">http:\/\/www.eccl-online.eu\/resources\/European+Curriculum+Framework+for+Ancient+Greek+.+19.10.2009.pdf<\/a><\/p>\n<p>&nbsp;<\/p>\n<p>Vi\u0161e o testiranju mo\u017eete na\u0107i na ovoj adresi:<\/p>\n<p><a href=\"http:\/\/www.eccl-online.eu\/1.html\" target=\"_blank\">http:\/\/www.eccl-online.eu\/1.html<\/a><\/p>\n<p>&nbsp;<\/p>\n<p>Konzultacije su svake srijede 8. sat u kabinetu 321.<\/p>\n<p>&nbsp;<\/p>\n<p>Valete! \ud83d\ude42<\/p>\n<p>&nbsp;<\/p>\n<p>Snje\u017eana Pavli\u0107-\u0160epat<\/p>\n","protected":false},"excerpt":{"rendered":"<p>Salvete! \ud83d\ude42 Testiranje u okviru European Common Framework for Classical Languages na razini Vestibulum za latinski jezik odr\u017eat \u0107e se u na\u0161oj \u0161koli 23.11.2016. Pozivam sve latiniste da se uklju\u010de i sudjeluju u ovom projektu\u00a0 koji se odvija u 25 europskih zemalja pod pokroviteljskom Europske komisije. &nbsp; Sve zainteresirane molim da mi se jave do [&hellip;]<\/p>\n","protected":false},"author":1,"featured_media":0,"comment_status":"closed","ping_status":"closed","sticky":false,"template":"","format":"standard","meta":{"_et_pb_use_builder":"","_et_pb_old_content":"","_et_gb_content_width":"","footnotes":""},"categories":[9],"tags":[],"class_list":["post-1140","post","type-post","status-publish","format-standard","hentry","category-arhiva"],"_links":{"self":[{"href":"https:\/\/prva.hr\/index.php\/wp-json\/wp\/v2\/posts\/1140","targetHints":{"allow":["GET"]}}],"collection":[{"href":"https:\/\/prva.hr\/index.php\/wp-json\/wp\/v2\/posts"}],"about":[{"href":"https:\/\/prva.hr\/index.php\/wp-json\/wp\/v2\/types\/post"}],"author":[{"embeddable":true,"href":"https:\/\/prva.hr\/index.php\/wp-json\/wp\/v2\/users\/1"}],"replies":[{"embeddable":true,"href":"https:\/\/prva.hr\/index.php\/wp-json\/wp\/v2\/comments?post=1140"}],"version-history":[{"count":1,"href":"https:\/\/prva.hr\/index.php\/wp-json\/wp\/v2\/posts\/1140\/revisions"}],"predecessor-version":[{"id":1141,"href":"https:\/\/prva.hr\/index.php\/wp-json\/wp\/v2\/posts\/1140\/revisions\/1141"}],"wp:attachment":[{"href":"https:\/\/prva.hr\/index.php\/wp-json\/wp\/v2\/media?parent=1140"}],"wp:term":[{"taxonomy":"category","embeddable":true,"href":"https:\/\/prva.hr\/index.php\/wp-json\/wp\/v2\/categories?post=1140"},{"taxonomy":"post_tag","embeddable":true,"href":"https:\/\/prva.hr\/index.php\/wp-json\/wp\/v2\/tags?post=1140"}],"curies":[{"name":"wp","href":"https:\/\/api.w.org\/{rel}","templated":true}]}}