{"id":1142,"date":"2016-10-10T12:59:40","date_gmt":"2016-10-10T10:59:40","guid":{"rendered":"http:\/\/www2.prva.hr\/?p=1142"},"modified":"2017-08-07T12:59:57","modified_gmt":"2017-08-07T10:59:57","slug":"kad-te-boli-moras-reci-vol-2","status":"publish","type":"post","link":"https:\/\/prva.hr\/index.php\/2016\/10\/10\/kad-te-boli-moras-reci-vol-2\/","title":{"rendered":"Kad te boli, mora\u0161 re\u0107i vol. 2"},"content":{"rendered":"<p><img decoding=\"async\" data-src=\"http:\/\/www.prva.hr\/images\/pdf\/ikonica%20za%20BoliMe.png\" width=\"100\" height=\"151\" border=\"0\" src=\"data:image\/svg+xml;base64,PHN2ZyB3aWR0aD0iMSIgaGVpZ2h0PSIxIiB4bWxucz0iaHR0cDovL3d3dy53My5vcmcvMjAwMC9zdmciPjwvc3ZnPg==\" class=\"lazyload\" style=\"--smush-placeholder-width: 100px; --smush-placeholder-aspect-ratio: 100\/151;\" \/><\/p>\n<p>&nbsp;<\/p>\n<p>U povodu Svjetskog dana mentalnog zdravlja, 10. listopada, drugu godinu za redom, inicijativa\u00a0<em>BoliMe <\/em>pokrenula je kampanju:\u00a0<em>Kad te boli, mora\u0161 re\u0107i vol. 2<\/em>, koja poti\u010de progovaranje o mentalnom zdravlju mladih. Inicijativa\u00a0<em>BoliMe<\/em>, uz potporu Biovege, u suradnji s udrugama CroMSIC (Me\u0111unarodna udruga studenata medicine), Ambidekster klub, Igra, Hrabri telefon i Djeca prva, djelovat \u0107e na nekoliko platformi kao \u0161to su: javna interaktivna instalacija na zagreba\u010dkom Cvjetnom trgu, edukativni video, interaktivne radionice, okrugli stolovi i Facebook aplikacija, a cilj joj je osvijestiti mlade, ali i ostale dobne skupine, o va\u017enosti odr\u017eavanja mentalne higijene i pravovremenom komuniciranju o naru\u0161enom mentalnom zdravlju.<\/p>\n<p>U ponedjeljak, 10. listopada 2016., na Svjetski dan mentalnoga zdravlja, organizirat \u0107e se centralno doga\u0111anje na Cvjetnom trgu u Zagrebu postavljanjem\u00a0<strong>javne interaktivne instalacije<\/strong>, projekt dizajnerice\u00a0<strong>Drage Komparak<\/strong>, kojom se prenosi poruka:\u00a0<em>Osje\u0107anje je univerzalno ljudsko iskustvo. \u010cini nam se ponekad da osje\u0107anje predugo traje zato \u0161to ne uvi\u0111amo odvojivost sebe od emocije. Ti nisi emocija, ti samo osje\u0107a\u0161. Promatraj. U redu je biti tu\u017ean, upla\u0161en, sretan, ljut ili zga\u0111en. Ne osu\u0111uj se.<\/em><\/p>\n<p>Osim javne interaktivne instalacije kao neposrednog oblika javnog komuniciranja, Inicijativa BoliMe prepoznala je va\u017enost viralnog progovaranja o ovoj temi te je u tu svrhu i ove godine putem\u00a0<strong>videa<\/strong> otvoreno progovorila o brizi za mentalno zdravlje. Video mo\u017eete pogledati\u00a0<a href=\"https:\/\/www.facebook.com\/inicijativabolime\/?fref=ts\">ovdje<\/a><\/p>\n<p>Pored instalacije i videa, u Prvoj gimnaziji, Avenija Dubrovnik 36, i prostorijama Teatra Tirena, Ka\u010di\u0107eva 36, u tjednu od 10. do 14. listopada, mladi, roditelji i sva zainteresirana javnost mo\u0107i \u0107e polaziti\u00a0<strong>interaktivne radionice<\/strong> na kojima \u0107e stru\u010dnjaci, iz udruga koje su se priklju\u010dile Inicijativi BoliMe, tematizirati va\u017enost brige o mentalnom zdravlju.<\/p>\n<p>Tjedan \u0107e zavr\u0161iti dvama\u00a0<strong>stru\u010dnim okruglim stolovima<\/strong> \u2013 u petak, 14. listopada na temu\u00a0<em>Za\u0161tita i unaprje\u0111enje mentalnog zdravlja mladih<\/em> namijenjenom stru\u010dnim suradnicima, ravnateljima i nastavnicima u srednjim \u0161kolama, te u nedjelju, 16. listopada, u Kinu Tu\u0161kanac na Konferenciji mladih psihologa Perspektiva na temu\u00a0<em>Aktivizam u slu\u017ebi mentalnog zdravlja.<\/em><\/p>\n<p>&nbsp;<\/p>\n<p>&nbsp;<\/p>\n<p><em><a href=\"http:\/\/www.prva.hr\/images\/pdf\/program-BoliMe.png\" target=\"_blank\"><img decoding=\"async\" data-src=\"http:\/\/www.prva.hr\/images\/pdf\/program-BoliMe.png\" width=\"500\" height=\"354\" border=\"0\" src=\"data:image\/svg+xml;base64,PHN2ZyB3aWR0aD0iMSIgaGVpZ2h0PSIxIiB4bWxucz0iaHR0cDovL3d3dy53My5vcmcvMjAwMC9zdmciPjwvc3ZnPg==\" class=\"lazyload\" style=\"--smush-placeholder-width: 500px; --smush-placeholder-aspect-ratio: 500\/354;\" \/><\/a><\/em><\/p>\n","protected":false},"excerpt":{"rendered":"<p>&nbsp; U povodu Svjetskog dana mentalnog zdravlja, 10. listopada, drugu godinu za redom, inicijativa\u00a0BoliMe pokrenula je kampanju:\u00a0Kad te boli, mora\u0161 re\u0107i vol. 2, koja poti\u010de progovaranje o mentalnom zdravlju mladih. Inicijativa\u00a0BoliMe, uz potporu Biovege, u suradnji s udrugama CroMSIC (Me\u0111unarodna udruga studenata medicine), Ambidekster klub, Igra, Hrabri telefon i Djeca prva, djelovat \u0107e na nekoliko [&hellip;]<\/p>\n","protected":false},"author":1,"featured_media":0,"comment_status":"closed","ping_status":"closed","sticky":false,"template":"","format":"standard","meta":{"_et_pb_use_builder":"","_et_pb_old_content":"","_et_gb_content_width":"","footnotes":""},"categories":[9],"tags":[],"class_list":["post-1142","post","type-post","status-publish","format-standard","hentry","category-arhiva"],"_links":{"self":[{"href":"https:\/\/prva.hr\/index.php\/wp-json\/wp\/v2\/posts\/1142","targetHints":{"allow":["GET"]}}],"collection":[{"href":"https:\/\/prva.hr\/index.php\/wp-json\/wp\/v2\/posts"}],"about":[{"href":"https:\/\/prva.hr\/index.php\/wp-json\/wp\/v2\/types\/post"}],"author":[{"embeddable":true,"href":"https:\/\/prva.hr\/index.php\/wp-json\/wp\/v2\/users\/1"}],"replies":[{"embeddable":true,"href":"https:\/\/prva.hr\/index.php\/wp-json\/wp\/v2\/comments?post=1142"}],"version-history":[{"count":1,"href":"https:\/\/prva.hr\/index.php\/wp-json\/wp\/v2\/posts\/1142\/revisions"}],"predecessor-version":[{"id":1143,"href":"https:\/\/prva.hr\/index.php\/wp-json\/wp\/v2\/posts\/1142\/revisions\/1143"}],"wp:attachment":[{"href":"https:\/\/prva.hr\/index.php\/wp-json\/wp\/v2\/media?parent=1142"}],"wp:term":[{"taxonomy":"category","embeddable":true,"href":"https:\/\/prva.hr\/index.php\/wp-json\/wp\/v2\/categories?post=1142"},{"taxonomy":"post_tag","embeddable":true,"href":"https:\/\/prva.hr\/index.php\/wp-json\/wp\/v2\/tags?post=1142"}],"curies":[{"name":"wp","href":"https:\/\/api.w.org\/{rel}","templated":true}]}}