{"id":11442,"date":"2022-03-31T14:00:04","date_gmt":"2022-03-31T12:00:04","guid":{"rendered":"https:\/\/www.prva.hr\/?p=11442"},"modified":"2025-12-04T09:44:46","modified_gmt":"2025-12-04T08:44:46","slug":"zoom-sastanak-koordinatora-projekta-stem-na-trecu","status":"publish","type":"post","link":"https:\/\/prva.hr\/index.php\/2022\/03\/31\/zoom-sastanak-koordinatora-projekta-stem-na-trecu\/","title":{"rendered":"ZOOM sastanak koordinatora projekta \u201eSTEM na tre\u0107u\u201c"},"content":{"rendered":"<p>23.3.2022. odr\u017ean je jo\u0161 jedan sastanak voditelja projekta STEM na 3. Bli\u017ei se na\u0161 posljednji susret sa kolegama iz Maribora i \u010ce\u0161kih Budejovica u okviru LLT5 (Learning Teaching\u00a0 and Treaning) mobilnosti nastavnika. Projekt \u201cSTEM na TRE\u0106U\u201d nakon tri godine i mnogih odgo\u0111enih susreta zbog pandemije nalazi se u samoj zavr\u0161nici. Zoom sastanak omogu\u0107io je koordinatorima i voditeljima projekta posljednje dogovore prije mobilnosti u Mariboru od 4. 4. do 8. 4. 2022. Dogovorene su aktivnosti koje \u0107e pridonijeti realizaciji i kvaliteti projekta. Za vrijeme na\u0161eg boravka u Mariboru pisati \u0107emo zavr\u0161ni izvje\u0161taj, objavljivati aktivnosti tijekom tri godine provo\u0111enja projekta, unpre\u0111ivati platformu eTwinning i MyTwinspace.<\/p>\n<p>Pri provo\u0111enju LTT5 aktivnosti pridru\u017eiti \u0107e nam se u\u010denici mariborske I. gimnazije i virtualno u\u010denici I. gimnazije Zagreb\u00a0 i \u010ce\u0161ko Angli\u010dke gimnazije iz \u010ce\u0161kih Budejovica.<\/p>\n<p>Veselimo se ponovnom susretu u \u017eivo s dragim kolegama, ali ujedino smo i \u017ealosni jer na\u0161a suradnja se privodi kraju. Projekt \u201cSTEM na TRE\u0106U\u201d obogatio je u\u010denike i nastavnike za jo\u0161 jedno iskustvo. Na\u0161a slu\u017ebena suradnja u okviru Erasmus + projekta se privodi kraju, ali ostaju nam lijepa sje\u0107anja i nova prijateljstva koja \u0107e se sigurno nastaviti.<\/p>\n<p>Maja Radi\u0107 Mehmedba\u0161i\u0107 prof. i Snje\u017eana Liber, prof.<\/p>\n","protected":false},"excerpt":{"rendered":"<p>23.3.2022. odr\u017ean je jo\u0161 jedan sastanak voditelja projekta STEM na 3. Bli\u017ei se na\u0161 posljednji susret sa kolegama iz Maribora i \u010ce\u0161kih Budejovica u okviru LLT5 (Learning Teaching\u00a0 and Treaning) mobilnosti nastavnika. Projekt \u201cSTEM na TRE\u0106U\u201d nakon tri godine i mnogih odgo\u0111enih susreta zbog pandemije nalazi se u samoj zavr\u0161nici. Zoom sastanak omogu\u0107io je koordinatorima [&hellip;]<\/p>\n","protected":false},"author":7,"featured_media":11443,"comment_status":"closed","ping_status":"closed","sticky":false,"template":"","format":"standard","meta":{"_et_pb_use_builder":"","_et_pb_old_content":"","_et_gb_content_width":"","footnotes":""},"categories":[66,148],"tags":[],"class_list":["post-11442","post","type-post","status-publish","format-standard","has-post-thumbnail","hentry","category-aktivnosti-projekti-erasmus","category-erasmus-aktivnosti"],"_links":{"self":[{"href":"https:\/\/prva.hr\/index.php\/wp-json\/wp\/v2\/posts\/11442","targetHints":{"allow":["GET"]}}],"collection":[{"href":"https:\/\/prva.hr\/index.php\/wp-json\/wp\/v2\/posts"}],"about":[{"href":"https:\/\/prva.hr\/index.php\/wp-json\/wp\/v2\/types\/post"}],"author":[{"embeddable":true,"href":"https:\/\/prva.hr\/index.php\/wp-json\/wp\/v2\/users\/7"}],"replies":[{"embeddable":true,"href":"https:\/\/prva.hr\/index.php\/wp-json\/wp\/v2\/comments?post=11442"}],"version-history":[{"count":1,"href":"https:\/\/prva.hr\/index.php\/wp-json\/wp\/v2\/posts\/11442\/revisions"}],"predecessor-version":[{"id":11444,"href":"https:\/\/prva.hr\/index.php\/wp-json\/wp\/v2\/posts\/11442\/revisions\/11444"}],"wp:featuredmedia":[{"embeddable":true,"href":"https:\/\/prva.hr\/index.php\/wp-json\/wp\/v2\/media\/11443"}],"wp:attachment":[{"href":"https:\/\/prva.hr\/index.php\/wp-json\/wp\/v2\/media?parent=11442"}],"wp:term":[{"taxonomy":"category","embeddable":true,"href":"https:\/\/prva.hr\/index.php\/wp-json\/wp\/v2\/categories?post=11442"},{"taxonomy":"post_tag","embeddable":true,"href":"https:\/\/prva.hr\/index.php\/wp-json\/wp\/v2\/tags?post=11442"}],"curies":[{"name":"wp","href":"https:\/\/api.w.org\/{rel}","templated":true}]}}