{"id":1148,"date":"2016-10-24T13:05:28","date_gmt":"2016-10-24T11:05:28","guid":{"rendered":"http:\/\/www2.prva.hr\/?p=1148"},"modified":"2017-08-07T13:05:42","modified_gmt":"2017-08-07T11:05:42","slug":"priznanje-prvoj-gimnaziji-kao-poduzetnickoj-skoli-entrepreneurial-school","status":"publish","type":"post","link":"https:\/\/prva.hr\/index.php\/2016\/10\/24\/priznanje-prvoj-gimnaziji-kao-poduzetnickoj-skoli-entrepreneurial-school\/","title":{"rendered":"Priznanje Prvoj gimnaziji kao poduzetni\u010dkoj \u0161koli &#8211; Entrepreneurial school"},"content":{"rendered":"<p>Predstavnici na\u0161e \u0161kole sudjelovali su na SEECEL\u2019s 2nd Entrepreneurial Camp: Entrepreneurial Learning for an Entrepreneurial Eco-system u organizaciji Regionalnog centra za razvoj poduzetni\u010dkih kompetencija za zemlje jugoisto\u010dne Europe (SEECEL) u \u0160ibeniku od 17. do 19. listopada 2016. Konferencijom u \u0160ibeniku obilje\u017eio se zavr\u0161etak projekta usmjerenog na provedbu u\u010denja za poduzetni\u0161tvo kao klju\u010dne kompetencije sa ciljem razvoja poduzetni\u010dkog eko-sustava odnosno poduzetni\u010dkog dru\u0161tva. Na konferenciji su predstavljena dostignu\u0107a i strukturirana regionalna suradnja SEECEL-ove poduzetni\u010dke mre\u017ee, istaknuti su primjeri dobre prakse i postavile se smjernice za daljnje ja\u010danje poduzetni\u010dke klime u dru\u0161tvu. Me\u0111u 430 sudionika iz raznih obrazovnih institucija <strong>I.gimnaziju<\/strong> su predstavljali koordinatorica projekta\u00a0 <em>Poduzteni\u010dko u\u010denje <\/em><strong>Zlata Pa\u0161tar<\/strong>, profesorica sociologije, politike i gospodarstva i etike, <strong>Goranka Markovi\u0107<\/strong>, profesorica geografije kao \u010dlanica projektnog tima i u\u010denica <strong>Jelena Lara Marinkovi\u0107<\/strong> iz 3.d. Odr\u017eane su raznovrsne radionice, panel rasprave i izlaganja, s ciljem daljnjeg razvoja poduzetni\u010dki \u201cpismenih\u201d dru\u0161tava i uskla\u0111ivanja nacionalnih politika s preporukama EU-a kao i daljnjeg razvoja politika vezanih za u\u010denje za poduzetni\u0161tvo. Na konferenciji su se predstavili brojni poduzetnici sa svojim iskustvima, predstavnici nacionalnih resornih tijela te poduzetni\u010dkih potpornih institucija iz regije i cijele Europe. \u0160koli je dodijeljeno slu\u017ebeno priznanje, plo\u010da s natpisom Entrepreneurial school koja potvr\u0111uje da je I. gimnazija obrazovna institucija u kojoj se razvijaju poduzetni\u010dke kompetencije.<\/p>\n<p>&nbsp;<\/p>\n<p>Zlata Pa\u0161tar, prof.<\/p>\n<p>&nbsp;<\/p>\n<p>&nbsp;<\/p>\n<p><img decoding=\"async\" src=\"http:\/\/www.prva.hr\/images\/pdf\/seecel1%20(2).JPG\" width=\"200\" height=\"267\" border=\"0\" \/><\/p>\n<p>&nbsp;<\/p>\n<p><img decoding=\"async\" data-src=\"http:\/\/www.prva.hr\/images\/pdf\/seecel2.JPG\" width=\"200\" height=\"267\" border=\"0\" src=\"data:image\/svg+xml;base64,PHN2ZyB3aWR0aD0iMSIgaGVpZ2h0PSIxIiB4bWxucz0iaHR0cDovL3d3dy53My5vcmcvMjAwMC9zdmciPjwvc3ZnPg==\" class=\"lazyload\" style=\"--smush-placeholder-width: 200px; --smush-placeholder-aspect-ratio: 200\/267;\" \/><\/p>\n<p>&nbsp;<\/p>\n<p><img decoding=\"async\" src=\"http:\/\/www.prva.hr\/images\/pdf\/seecel1%20(1).JPG\" width=\"200\" height=\"267\" border=\"0\" \/><\/p>\n","protected":false},"excerpt":{"rendered":"<p>Predstavnici na\u0161e \u0161kole sudjelovali su na SEECEL\u2019s 2nd Entrepreneurial Camp: Entrepreneurial Learning for an Entrepreneurial Eco-system u organizaciji Regionalnog centra za razvoj poduzetni\u010dkih kompetencija za zemlje jugoisto\u010dne Europe (SEECEL) u \u0160ibeniku od 17. do 19. listopada 2016. Konferencijom u \u0160ibeniku obilje\u017eio se zavr\u0161etak projekta usmjerenog na provedbu u\u010denja za poduzetni\u0161tvo kao klju\u010dne kompetencije sa ciljem [&hellip;]<\/p>\n","protected":false},"author":1,"featured_media":0,"comment_status":"closed","ping_status":"closed","sticky":false,"template":"","format":"standard","meta":{"_et_pb_use_builder":"","_et_pb_old_content":"","_et_gb_content_width":"","footnotes":""},"categories":[9],"tags":[],"class_list":["post-1148","post","type-post","status-publish","format-standard","hentry","category-arhiva"],"_links":{"self":[{"href":"https:\/\/prva.hr\/index.php\/wp-json\/wp\/v2\/posts\/1148","targetHints":{"allow":["GET"]}}],"collection":[{"href":"https:\/\/prva.hr\/index.php\/wp-json\/wp\/v2\/posts"}],"about":[{"href":"https:\/\/prva.hr\/index.php\/wp-json\/wp\/v2\/types\/post"}],"author":[{"embeddable":true,"href":"https:\/\/prva.hr\/index.php\/wp-json\/wp\/v2\/users\/1"}],"replies":[{"embeddable":true,"href":"https:\/\/prva.hr\/index.php\/wp-json\/wp\/v2\/comments?post=1148"}],"version-history":[{"count":1,"href":"https:\/\/prva.hr\/index.php\/wp-json\/wp\/v2\/posts\/1148\/revisions"}],"predecessor-version":[{"id":1149,"href":"https:\/\/prva.hr\/index.php\/wp-json\/wp\/v2\/posts\/1148\/revisions\/1149"}],"wp:attachment":[{"href":"https:\/\/prva.hr\/index.php\/wp-json\/wp\/v2\/media?parent=1148"}],"wp:term":[{"taxonomy":"category","embeddable":true,"href":"https:\/\/prva.hr\/index.php\/wp-json\/wp\/v2\/categories?post=1148"},{"taxonomy":"post_tag","embeddable":true,"href":"https:\/\/prva.hr\/index.php\/wp-json\/wp\/v2\/tags?post=1148"}],"curies":[{"name":"wp","href":"https:\/\/api.w.org\/{rel}","templated":true}]}}