{"id":11547,"date":"2022-04-14T10:58:13","date_gmt":"2022-04-14T08:58:13","guid":{"rendered":"https:\/\/www.prva.hr\/?p=11547"},"modified":"2022-04-14T10:58:13","modified_gmt":"2022-04-14T08:58:13","slug":"citanjem-do-zvijezda","status":"publish","type":"post","link":"https:\/\/prva.hr\/index.php\/2022\/04\/14\/citanjem-do-zvijezda\/","title":{"rendered":"\u010citanjem do zvijezda"},"content":{"rendered":"<div>Na natjecanju\u00a0<i>\u010citanjem do zvijezda<\/i>\u00a0u kategoriji kreativni uradak, u\u010denici\u00a0 \u0160ima Zara Vrsaljko (3.e)\u00a0 i Luka Glava\u0161 (3.c) plasirani su nacionalno natjecanje.<\/div>\n<div>\u010cestitke u\u010denicima i mentorici\u00a0Maji Fer\u010dek!<\/div>\n","protected":false},"excerpt":{"rendered":"<p>Na natjecanju\u00a0\u010citanjem do zvijezda\u00a0u kategoriji kreativni uradak, u\u010denici\u00a0 \u0160ima Zara Vrsaljko (3.e)\u00a0 i Luka Glava\u0161 (3.c) plasirani su nacionalno natjecanje. \u010cestitke u\u010denicima i mentorici\u00a0Maji Fer\u010dek!<\/p>\n","protected":false},"author":7,"featured_media":0,"comment_status":"closed","ping_status":"closed","sticky":false,"template":"","format":"standard","meta":{"_et_pb_use_builder":"","_et_pb_old_content":"","_et_gb_content_width":"","footnotes":""},"categories":[5,4],"tags":[],"class_list":["post-11547","post","type-post","status-publish","format-standard","hentry","category-aktivnosti","category-najnovije-vijesti"],"_links":{"self":[{"href":"https:\/\/prva.hr\/index.php\/wp-json\/wp\/v2\/posts\/11547","targetHints":{"allow":["GET"]}}],"collection":[{"href":"https:\/\/prva.hr\/index.php\/wp-json\/wp\/v2\/posts"}],"about":[{"href":"https:\/\/prva.hr\/index.php\/wp-json\/wp\/v2\/types\/post"}],"author":[{"embeddable":true,"href":"https:\/\/prva.hr\/index.php\/wp-json\/wp\/v2\/users\/7"}],"replies":[{"embeddable":true,"href":"https:\/\/prva.hr\/index.php\/wp-json\/wp\/v2\/comments?post=11547"}],"version-history":[{"count":1,"href":"https:\/\/prva.hr\/index.php\/wp-json\/wp\/v2\/posts\/11547\/revisions"}],"predecessor-version":[{"id":11548,"href":"https:\/\/prva.hr\/index.php\/wp-json\/wp\/v2\/posts\/11547\/revisions\/11548"}],"wp:attachment":[{"href":"https:\/\/prva.hr\/index.php\/wp-json\/wp\/v2\/media?parent=11547"}],"wp:term":[{"taxonomy":"category","embeddable":true,"href":"https:\/\/prva.hr\/index.php\/wp-json\/wp\/v2\/categories?post=11547"},{"taxonomy":"post_tag","embeddable":true,"href":"https:\/\/prva.hr\/index.php\/wp-json\/wp\/v2\/tags?post=11547"}],"curies":[{"name":"wp","href":"https:\/\/api.w.org\/{rel}","templated":true}]}}