{"id":11563,"date":"2022-04-22T10:17:41","date_gmt":"2022-04-22T08:17:41","guid":{"rendered":"https:\/\/www.prva.hr\/?p=11563"},"modified":"2022-04-22T10:17:41","modified_gmt":"2022-04-22T08:17:41","slug":"u-prvoj-odrzana-preventivna-kampanja-mind-the-mind","status":"publish","type":"post","link":"https:\/\/prva.hr\/index.php\/2022\/04\/22\/u-prvoj-odrzana-preventivna-kampanja-mind-the-mind\/","title":{"rendered":"U Prvoj odr\u017eana preventivna kampanja Mind the Mind"},"content":{"rendered":"<p>I. gimnazija je i ove godine podr\u017eala preventivnu kampanju Mind the Mind. U okviru \u0160kolskih preventivnih strategija, u srijedu <strong>13. travnja 2022.<\/strong>\u00a0odr\u017eana\u00a0 je preventiva radionica unutar projekta\u00a0 Europske federacije udruge studenata psihologije (EFPSA)\u00a0<b>Mind the Mind:\u00a0<\/b><i>U borbi protiv stigme psihi\u010dkih poreme\u0107aja.<\/i><\/p>\n<p>Kampanja Mind the Mind sastoji od edukativnih radionica, a svrha je podizanje svijesti o problemima mentalnog zdravlja i poticanje rasprave kako bi se prevladala stigma te razvila empatija prema osobama koje boluju od psihi\u010dkih poreme\u0107aja.\u00a0Svi volonteri uklju\u010deni u projekt studenti\u00a0 su psihologije koji su zavr\u0161ili dodatne edukacije potrebne za provedbu ovakvog tipa radionica.\u00a0 Interaktivna radionica\u00a0 provedena za u\u010denike i u\u010denice izborne nastave iz psihologije, a odr\u017eale su je \u010dlanice EFPSA udruge i studentice psihologije Lucija Rajkovi\u0107, biv\u0161a u\u010denica I. gimnazije i studentica psihologije Antea Radan. Zahvaljujemo na suradnji!<\/p>\n<p><img decoding=\"async\" class=\"alignnone size-medium wp-image-11568 lazyload\" data-src=\"https:\/\/www.prva.hr\/wp-content\/uploads\/2022\/04\/foto-mind-2-300x225.jpg\" alt=\"\" width=\"300\" height=\"225\" data-srcset=\"https:\/\/prva.hr\/wp-content\/uploads\/2022\/04\/foto-mind-2-300x225.jpg 300w, https:\/\/prva.hr\/wp-content\/uploads\/2022\/04\/foto-mind-2-768x576.jpg 768w, https:\/\/prva.hr\/wp-content\/uploads\/2022\/04\/foto-mind-2-1024x768.jpg 1024w, https:\/\/prva.hr\/wp-content\/uploads\/2022\/04\/foto-mind-2-400x300.jpg 400w, https:\/\/prva.hr\/wp-content\/uploads\/2022\/04\/foto-mind-2.jpg 2048w\" data-sizes=\"(max-width: 300px) 100vw, 300px\" src=\"data:image\/svg+xml;base64,PHN2ZyB3aWR0aD0iMSIgaGVpZ2h0PSIxIiB4bWxucz0iaHR0cDovL3d3dy53My5vcmcvMjAwMC9zdmciPjwvc3ZnPg==\" style=\"--smush-placeholder-width: 300px; --smush-placeholder-aspect-ratio: 300\/225;\" \/><\/p>\n<p>Sl.1. Provedba preventivne kampanje Mind the Mind u Prvoj<\/p>\n<p>&nbsp;<\/p>\n","protected":false},"excerpt":{"rendered":"<p>I. gimnazija je i ove godine podr\u017eala preventivnu kampanju Mind the Mind. U okviru \u0160kolskih preventivnih strategija, u srijedu 13. travnja 2022.\u00a0odr\u017eana\u00a0 je preventiva radionica unutar projekta\u00a0 Europske federacije udruge studenata psihologije (EFPSA)\u00a0Mind the Mind:\u00a0U borbi protiv stigme psihi\u010dkih poreme\u0107aja. Kampanja Mind the Mind sastoji od edukativnih radionica, a svrha je podizanje svijesti o problemima [&hellip;]<\/p>\n","protected":false},"author":6,"featured_media":11564,"comment_status":"closed","ping_status":"closed","sticky":false,"template":"","format":"standard","meta":{"_et_pb_use_builder":"","_et_pb_old_content":"","_et_gb_content_width":"","footnotes":""},"categories":[5,13],"tags":[],"class_list":["post-11563","post","type-post","status-publish","format-standard","has-post-thumbnail","hentry","category-aktivnosti","category-preventivni-program"],"_links":{"self":[{"href":"https:\/\/prva.hr\/index.php\/wp-json\/wp\/v2\/posts\/11563","targetHints":{"allow":["GET"]}}],"collection":[{"href":"https:\/\/prva.hr\/index.php\/wp-json\/wp\/v2\/posts"}],"about":[{"href":"https:\/\/prva.hr\/index.php\/wp-json\/wp\/v2\/types\/post"}],"author":[{"embeddable":true,"href":"https:\/\/prva.hr\/index.php\/wp-json\/wp\/v2\/users\/6"}],"replies":[{"embeddable":true,"href":"https:\/\/prva.hr\/index.php\/wp-json\/wp\/v2\/comments?post=11563"}],"version-history":[{"count":4,"href":"https:\/\/prva.hr\/index.php\/wp-json\/wp\/v2\/posts\/11563\/revisions"}],"predecessor-version":[{"id":11571,"href":"https:\/\/prva.hr\/index.php\/wp-json\/wp\/v2\/posts\/11563\/revisions\/11571"}],"wp:featuredmedia":[{"embeddable":true,"href":"https:\/\/prva.hr\/index.php\/wp-json\/wp\/v2\/media\/11564"}],"wp:attachment":[{"href":"https:\/\/prva.hr\/index.php\/wp-json\/wp\/v2\/media?parent=11563"}],"wp:term":[{"taxonomy":"category","embeddable":true,"href":"https:\/\/prva.hr\/index.php\/wp-json\/wp\/v2\/categories?post=11563"},{"taxonomy":"post_tag","embeddable":true,"href":"https:\/\/prva.hr\/index.php\/wp-json\/wp\/v2\/tags?post=11563"}],"curies":[{"name":"wp","href":"https:\/\/api.w.org\/{rel}","templated":true}]}}