{"id":11618,"date":"2022-05-02T12:43:31","date_gmt":"2022-05-02T10:43:31","guid":{"rendered":"https:\/\/www.prva.hr\/?p=11618"},"modified":"2022-05-02T14:05:26","modified_gmt":"2022-05-02T12:05:26","slug":"filip-vucic-drzavni-prvak-iz-fizike","status":"publish","type":"post","link":"https:\/\/prva.hr\/index.php\/2022\/05\/02\/filip-vucic-drzavni-prvak-iz-fizike\/","title":{"rendered":"Filip Vu\u010di\u0107 i ove godine dr\u017eavni prvak iz fizike"},"content":{"rendered":"<div>Dr\u017eavno natjecanje iz fizike odr\u017eano je od 26. 4. do 29. 4. 2022. u Podgori. Na Dr\u017eavno natjecanje plasirala su se dva na\u0161a u\u010denika: Filip Vu\u010di\u0107 (3.F) i Luka Kalac (3.B).<\/div>\n<div>Filip Vu\u010di\u0107 osvojio je 1. mjesto (99\/100 bodova).<\/div>\n<div><\/div>\n<div>\u010cestitke u\u010denicima\u00a0i mentorici Ivani Bo\u017ei\u010dkovi\u0107 Peri\u010di\u0107!<\/div>\n<div><\/div>\n<div><\/div>\n<div>\u00a0<img decoding=\"async\" class=\"alignnone size-medium wp-image-11635 lazyload\" data-src=\"https:\/\/www.prva.hr\/wp-content\/uploads\/2022\/05\/PHOTO-2022-04-29-10-28-14-1-225x300.jpg\" alt=\"\" width=\"225\" height=\"300\" data-srcset=\"https:\/\/prva.hr\/wp-content\/uploads\/2022\/05\/PHOTO-2022-04-29-10-28-14-1-225x300.jpg 225w, https:\/\/prva.hr\/wp-content\/uploads\/2022\/05\/PHOTO-2022-04-29-10-28-14-1-768x1024.jpg 768w, https:\/\/prva.hr\/wp-content\/uploads\/2022\/05\/PHOTO-2022-04-29-10-28-14-1.jpg 1200w\" data-sizes=\"(max-width: 225px) 100vw, 225px\" src=\"data:image\/svg+xml;base64,PHN2ZyB3aWR0aD0iMSIgaGVpZ2h0PSIxIiB4bWxucz0iaHR0cDovL3d3dy53My5vcmcvMjAwMC9zdmciPjwvc3ZnPg==\" style=\"--smush-placeholder-width: 225px; --smush-placeholder-aspect-ratio: 225\/300;\" \/> <img decoding=\"async\" class=\"alignnone size-medium wp-image-11636 lazyload\" data-src=\"https:\/\/www.prva.hr\/wp-content\/uploads\/2022\/05\/PHOTO-2022-04-29-10-28-14-225x300.jpg\" alt=\"\" width=\"225\" height=\"300\" data-srcset=\"https:\/\/prva.hr\/wp-content\/uploads\/2022\/05\/PHOTO-2022-04-29-10-28-14-225x300.jpg 225w, https:\/\/prva.hr\/wp-content\/uploads\/2022\/05\/PHOTO-2022-04-29-10-28-14-768x1024.jpg 768w, https:\/\/prva.hr\/wp-content\/uploads\/2022\/05\/PHOTO-2022-04-29-10-28-14.jpg 1200w\" data-sizes=\"(max-width: 225px) 100vw, 225px\" src=\"data:image\/svg+xml;base64,PHN2ZyB3aWR0aD0iMSIgaGVpZ2h0PSIxIiB4bWxucz0iaHR0cDovL3d3dy53My5vcmcvMjAwMC9zdmciPjwvc3ZnPg==\" style=\"--smush-placeholder-width: 225px; --smush-placeholder-aspect-ratio: 225\/300;\" \/> <img decoding=\"async\" class=\"alignnone size-medium wp-image-11637 lazyload\" data-src=\"https:\/\/www.prva.hr\/wp-content\/uploads\/2022\/05\/PHOTO-2022-04-28-18-17-45-1-300x200.jpg\" alt=\"\" width=\"300\" height=\"200\" data-srcset=\"https:\/\/prva.hr\/wp-content\/uploads\/2022\/05\/PHOTO-2022-04-28-18-17-45-1-300x200.jpg 300w, https:\/\/prva.hr\/wp-content\/uploads\/2022\/05\/PHOTO-2022-04-28-18-17-45-1-768x512.jpg 768w, https:\/\/prva.hr\/wp-content\/uploads\/2022\/05\/PHOTO-2022-04-28-18-17-45-1-1024x683.jpg 1024w, https:\/\/prva.hr\/wp-content\/uploads\/2022\/05\/PHOTO-2022-04-28-18-17-45-1-400x267.jpg 400w, https:\/\/prva.hr\/wp-content\/uploads\/2022\/05\/PHOTO-2022-04-28-18-17-45-1.jpg 1500w\" data-sizes=\"(max-width: 300px) 100vw, 300px\" src=\"data:image\/svg+xml;base64,PHN2ZyB3aWR0aD0iMSIgaGVpZ2h0PSIxIiB4bWxucz0iaHR0cDovL3d3dy53My5vcmcvMjAwMC9zdmciPjwvc3ZnPg==\" style=\"--smush-placeholder-width: 300px; --smush-placeholder-aspect-ratio: 300\/200;\" \/> <img decoding=\"async\" class=\"alignnone size-medium wp-image-11638 lazyload\" data-src=\"https:\/\/www.prva.hr\/wp-content\/uploads\/2022\/05\/PHOTO-2022-04-28-13-04-24-300x225.jpg\" alt=\"\" width=\"300\" height=\"225\" data-srcset=\"https:\/\/prva.hr\/wp-content\/uploads\/2022\/05\/PHOTO-2022-04-28-13-04-24-300x225.jpg 300w, https:\/\/prva.hr\/wp-content\/uploads\/2022\/05\/PHOTO-2022-04-28-13-04-24-768x576.jpg 768w, https:\/\/prva.hr\/wp-content\/uploads\/2022\/05\/PHOTO-2022-04-28-13-04-24-1024x768.jpg 1024w, https:\/\/prva.hr\/wp-content\/uploads\/2022\/05\/PHOTO-2022-04-28-13-04-24-400x300.jpg 400w, https:\/\/prva.hr\/wp-content\/uploads\/2022\/05\/PHOTO-2022-04-28-13-04-24.jpg 2016w\" data-sizes=\"(max-width: 300px) 100vw, 300px\" src=\"data:image\/svg+xml;base64,PHN2ZyB3aWR0aD0iMSIgaGVpZ2h0PSIxIiB4bWxucz0iaHR0cDovL3d3dy53My5vcmcvMjAwMC9zdmciPjwvc3ZnPg==\" style=\"--smush-placeholder-width: 300px; --smush-placeholder-aspect-ratio: 300\/225;\" \/><\/div>\n","protected":false},"excerpt":{"rendered":"<p>Dr\u017eavno natjecanje iz fizike odr\u017eano je od 26. 4. do 29. 4. 2022. u Podgori. Na Dr\u017eavno natjecanje plasirala su se dva na\u0161a u\u010denika: Filip Vu\u010di\u0107 (3.F) i Luka Kalac (3.B). Filip Vu\u010di\u0107 osvojio je 1. mjesto (99\/100 bodova). \u010cestitke u\u010denicima\u00a0i mentorici Ivani Bo\u017ei\u010dkovi\u0107 Peri\u010di\u0107! \u00a0<\/p>\n","protected":false},"author":7,"featured_media":11634,"comment_status":"closed","ping_status":"closed","sticky":false,"template":"","format":"standard","meta":{"_et_pb_use_builder":"","_et_pb_old_content":"","_et_gb_content_width":"","footnotes":""},"categories":[9,4,24],"tags":[],"class_list":["post-11618","post","type-post","status-publish","format-standard","has-post-thumbnail","hentry","category-arhiva","category-najnovije-vijesti","category-predmetna-natjecanja"],"_links":{"self":[{"href":"https:\/\/prva.hr\/index.php\/wp-json\/wp\/v2\/posts\/11618","targetHints":{"allow":["GET"]}}],"collection":[{"href":"https:\/\/prva.hr\/index.php\/wp-json\/wp\/v2\/posts"}],"about":[{"href":"https:\/\/prva.hr\/index.php\/wp-json\/wp\/v2\/types\/post"}],"author":[{"embeddable":true,"href":"https:\/\/prva.hr\/index.php\/wp-json\/wp\/v2\/users\/7"}],"replies":[{"embeddable":true,"href":"https:\/\/prva.hr\/index.php\/wp-json\/wp\/v2\/comments?post=11618"}],"version-history":[{"count":5,"href":"https:\/\/prva.hr\/index.php\/wp-json\/wp\/v2\/posts\/11618\/revisions"}],"predecessor-version":[{"id":11642,"href":"https:\/\/prva.hr\/index.php\/wp-json\/wp\/v2\/posts\/11618\/revisions\/11642"}],"wp:featuredmedia":[{"embeddable":true,"href":"https:\/\/prva.hr\/index.php\/wp-json\/wp\/v2\/media\/11634"}],"wp:attachment":[{"href":"https:\/\/prva.hr\/index.php\/wp-json\/wp\/v2\/media?parent=11618"}],"wp:term":[{"taxonomy":"category","embeddable":true,"href":"https:\/\/prva.hr\/index.php\/wp-json\/wp\/v2\/categories?post=11618"},{"taxonomy":"post_tag","embeddable":true,"href":"https:\/\/prva.hr\/index.php\/wp-json\/wp\/v2\/tags?post=11618"}],"curies":[{"name":"wp","href":"https:\/\/api.w.org\/{rel}","templated":true}]}}