{"id":11663,"date":"2022-05-06T12:10:11","date_gmt":"2022-05-06T10:10:11","guid":{"rendered":"https:\/\/www.prva.hr\/?p=11663"},"modified":"2022-05-06T12:10:11","modified_gmt":"2022-05-06T10:10:11","slug":"2-mjesto-s-vjeronaucne-olimpijade","status":"publish","type":"post","link":"https:\/\/prva.hr\/index.php\/2022\/05\/06\/2-mjesto-s-vjeronaucne-olimpijade\/","title":{"rendered":"2. mjesto s Vjeronau\u010dne olimpijade"},"content":{"rendered":"<div dir=\"auto\">Dr\u017eavno natjecanje iz vjeronauka &#8211; Vjeronau\u010dna olimpijada odr\u017eano je od 2. 5. do 4.5. u Zadru. Na dr\u017eavno natjecanje plasirale su se u\u010denice: Anja Makek (2.b), Marta Predrijevac (2.b), Marta Rimac (2.b) i Tia Tur\u010din (2.d).<\/div>\n<div dir=\"auto\">U\u010denice su osvojile 2. mjesto (98,25\/100 bodova).<\/div>\n<div dir=\"auto\"><\/div>\n<div dir=\"auto\">\u010cestitke u\u010denicama i mentorici Barbari Ka\u010dar!<\/div>\n<div dir=\"auto\"><\/div>\n<div dir=\"auto\"><img decoding=\"async\" class=\"alignnone size-medium wp-image-11665 lazyload\" data-src=\"https:\/\/www.prva.hr\/wp-content\/uploads\/2022\/05\/vj2-300x225.jpg\" alt=\"\" width=\"300\" height=\"225\" data-srcset=\"https:\/\/prva.hr\/wp-content\/uploads\/2022\/05\/vj2-300x225.jpg 300w, https:\/\/prva.hr\/wp-content\/uploads\/2022\/05\/vj2-768x576.jpg 768w, https:\/\/prva.hr\/wp-content\/uploads\/2022\/05\/vj2-1024x768.jpg 1024w, https:\/\/prva.hr\/wp-content\/uploads\/2022\/05\/vj2-400x300.jpg 400w, https:\/\/prva.hr\/wp-content\/uploads\/2022\/05\/vj2.jpg 1600w\" data-sizes=\"(max-width: 300px) 100vw, 300px\" src=\"data:image\/svg+xml;base64,PHN2ZyB3aWR0aD0iMSIgaGVpZ2h0PSIxIiB4bWxucz0iaHR0cDovL3d3dy53My5vcmcvMjAwMC9zdmciPjwvc3ZnPg==\" style=\"--smush-placeholder-width: 300px; --smush-placeholder-aspect-ratio: 300\/225;\" \/> <img decoding=\"async\" class=\"alignnone size-medium wp-image-11666 lazyload\" data-src=\"https:\/\/www.prva.hr\/wp-content\/uploads\/2022\/05\/vj3-300x225.jpg\" alt=\"\" width=\"300\" height=\"225\" data-srcset=\"https:\/\/prva.hr\/wp-content\/uploads\/2022\/05\/vj3-300x225.jpg 300w, https:\/\/prva.hr\/wp-content\/uploads\/2022\/05\/vj3-768x576.jpg 768w, https:\/\/prva.hr\/wp-content\/uploads\/2022\/05\/vj3-1024x768.jpg 1024w, https:\/\/prva.hr\/wp-content\/uploads\/2022\/05\/vj3-400x300.jpg 400w, https:\/\/prva.hr\/wp-content\/uploads\/2022\/05\/vj3.jpg 1476w\" data-sizes=\"(max-width: 300px) 100vw, 300px\" src=\"data:image\/svg+xml;base64,PHN2ZyB3aWR0aD0iMSIgaGVpZ2h0PSIxIiB4bWxucz0iaHR0cDovL3d3dy53My5vcmcvMjAwMC9zdmciPjwvc3ZnPg==\" style=\"--smush-placeholder-width: 300px; --smush-placeholder-aspect-ratio: 300\/225;\" \/> <img decoding=\"async\" class=\"alignnone size-medium wp-image-11667 lazyload\" data-src=\"https:\/\/www.prva.hr\/wp-content\/uploads\/2022\/05\/vj4-225x300.jpg\" alt=\"\" width=\"225\" height=\"300\" data-srcset=\"https:\/\/prva.hr\/wp-content\/uploads\/2022\/05\/vj4-225x300.jpg 225w, https:\/\/prva.hr\/wp-content\/uploads\/2022\/05\/vj4-768x1024.jpg 768w\" data-sizes=\"(max-width: 225px) 100vw, 225px\" src=\"data:image\/svg+xml;base64,PHN2ZyB3aWR0aD0iMSIgaGVpZ2h0PSIxIiB4bWxucz0iaHR0cDovL3d3dy53My5vcmcvMjAwMC9zdmciPjwvc3ZnPg==\" style=\"--smush-placeholder-width: 225px; --smush-placeholder-aspect-ratio: 225\/300;\" \/><\/div>\n","protected":false},"excerpt":{"rendered":"<p>Dr\u017eavno natjecanje iz vjeronauka &#8211; Vjeronau\u010dna olimpijada odr\u017eano je od 2. 5. do 4.5. u Zadru. Na dr\u017eavno natjecanje plasirale su se u\u010denice: Anja Makek (2.b), Marta Predrijevac (2.b), Marta Rimac (2.b) i Tia Tur\u010din (2.d). U\u010denice su osvojile 2. mjesto (98,25\/100 bodova). \u010cestitke u\u010denicama i mentorici Barbari Ka\u010dar!<\/p>\n","protected":false},"author":7,"featured_media":11664,"comment_status":"closed","ping_status":"closed","sticky":false,"template":"","format":"standard","meta":{"_et_pb_use_builder":"","_et_pb_old_content":"","_et_gb_content_width":"","footnotes":""},"categories":[9,4,24],"tags":[],"class_list":["post-11663","post","type-post","status-publish","format-standard","has-post-thumbnail","hentry","category-arhiva","category-najnovije-vijesti","category-predmetna-natjecanja"],"_links":{"self":[{"href":"https:\/\/prva.hr\/index.php\/wp-json\/wp\/v2\/posts\/11663","targetHints":{"allow":["GET"]}}],"collection":[{"href":"https:\/\/prva.hr\/index.php\/wp-json\/wp\/v2\/posts"}],"about":[{"href":"https:\/\/prva.hr\/index.php\/wp-json\/wp\/v2\/types\/post"}],"author":[{"embeddable":true,"href":"https:\/\/prva.hr\/index.php\/wp-json\/wp\/v2\/users\/7"}],"replies":[{"embeddable":true,"href":"https:\/\/prva.hr\/index.php\/wp-json\/wp\/v2\/comments?post=11663"}],"version-history":[{"count":1,"href":"https:\/\/prva.hr\/index.php\/wp-json\/wp\/v2\/posts\/11663\/revisions"}],"predecessor-version":[{"id":11668,"href":"https:\/\/prva.hr\/index.php\/wp-json\/wp\/v2\/posts\/11663\/revisions\/11668"}],"wp:featuredmedia":[{"embeddable":true,"href":"https:\/\/prva.hr\/index.php\/wp-json\/wp\/v2\/media\/11664"}],"wp:attachment":[{"href":"https:\/\/prva.hr\/index.php\/wp-json\/wp\/v2\/media?parent=11663"}],"wp:term":[{"taxonomy":"category","embeddable":true,"href":"https:\/\/prva.hr\/index.php\/wp-json\/wp\/v2\/categories?post=11663"},{"taxonomy":"post_tag","embeddable":true,"href":"https:\/\/prva.hr\/index.php\/wp-json\/wp\/v2\/tags?post=11663"}],"curies":[{"name":"wp","href":"https:\/\/api.w.org\/{rel}","templated":true}]}}