{"id":11688,"date":"2022-05-10T15:16:22","date_gmt":"2022-05-10T13:16:22","guid":{"rendered":"https:\/\/www.prva.hr\/?p=11688"},"modified":"2022-05-10T15:16:22","modified_gmt":"2022-05-10T13:16:22","slug":"nacionalno-natjecanje-citanjem-do-zvijezda","status":"publish","type":"post","link":"https:\/\/prva.hr\/index.php\/2022\/05\/10\/nacionalno-natjecanje-citanjem-do-zvijezda\/","title":{"rendered":"Nacionalno natjecanje \u010citanjem do zvijezda"},"content":{"rendered":"<div>Dana 9. svibnja odr\u017eano je n<span style=\"color: #073763; font-family: georgia, serif;\">acionalno natjecanje projekta \u010c<i>itanjem do zvijezda &#8211; kreativni uradak\u00a0<\/i>na kojem su bili plasirani\u00a0na\u0161i u\u010denici \u0160ima Zara Vrsaljko (3. e)\u00a0 i Luka Glava\u0161\u00a0 (3. c).\u00a0 U velikoj konkurenciji, u\u010denica \u0160ima Zara Vrsaljko osvojila je 3. mjesto.\u00a0<\/span><\/div>\n<div><span style=\"color: #073763; font-family: georgia, serif;\">\u010cestitke u\u010denicima i mentorici\u00a0Maji Fer\u010dek!<\/span><\/div>\n","protected":false},"excerpt":{"rendered":"<p>Dana 9. svibnja odr\u017eano je nacionalno natjecanje projekta \u010citanjem do zvijezda &#8211; kreativni uradak\u00a0na kojem su bili plasirani\u00a0na\u0161i u\u010denici \u0160ima Zara Vrsaljko (3. e)\u00a0 i Luka Glava\u0161\u00a0 (3. c).\u00a0 U velikoj konkurenciji, u\u010denica \u0160ima Zara Vrsaljko osvojila je 3. mjesto.\u00a0 \u010cestitke u\u010denicima i mentorici\u00a0Maji Fer\u010dek!<\/p>\n","protected":false},"author":7,"featured_media":11689,"comment_status":"closed","ping_status":"closed","sticky":false,"template":"","format":"standard","meta":{"_et_pb_use_builder":"","_et_pb_old_content":"","_et_gb_content_width":"","footnotes":""},"categories":[9,4,24],"tags":[],"class_list":["post-11688","post","type-post","status-publish","format-standard","has-post-thumbnail","hentry","category-arhiva","category-najnovije-vijesti","category-predmetna-natjecanja"],"_links":{"self":[{"href":"https:\/\/prva.hr\/index.php\/wp-json\/wp\/v2\/posts\/11688","targetHints":{"allow":["GET"]}}],"collection":[{"href":"https:\/\/prva.hr\/index.php\/wp-json\/wp\/v2\/posts"}],"about":[{"href":"https:\/\/prva.hr\/index.php\/wp-json\/wp\/v2\/types\/post"}],"author":[{"embeddable":true,"href":"https:\/\/prva.hr\/index.php\/wp-json\/wp\/v2\/users\/7"}],"replies":[{"embeddable":true,"href":"https:\/\/prva.hr\/index.php\/wp-json\/wp\/v2\/comments?post=11688"}],"version-history":[{"count":1,"href":"https:\/\/prva.hr\/index.php\/wp-json\/wp\/v2\/posts\/11688\/revisions"}],"predecessor-version":[{"id":11690,"href":"https:\/\/prva.hr\/index.php\/wp-json\/wp\/v2\/posts\/11688\/revisions\/11690"}],"wp:featuredmedia":[{"embeddable":true,"href":"https:\/\/prva.hr\/index.php\/wp-json\/wp\/v2\/media\/11689"}],"wp:attachment":[{"href":"https:\/\/prva.hr\/index.php\/wp-json\/wp\/v2\/media?parent=11688"}],"wp:term":[{"taxonomy":"category","embeddable":true,"href":"https:\/\/prva.hr\/index.php\/wp-json\/wp\/v2\/categories?post=11688"},{"taxonomy":"post_tag","embeddable":true,"href":"https:\/\/prva.hr\/index.php\/wp-json\/wp\/v2\/tags?post=11688"}],"curies":[{"name":"wp","href":"https:\/\/api.w.org\/{rel}","templated":true}]}}