{"id":1170,"date":"2016-12-12T13:13:31","date_gmt":"2016-12-12T12:13:31","guid":{"rendered":"http:\/\/www2.prva.hr\/?p=1170"},"modified":"2017-08-07T13:13:54","modified_gmt":"2017-08-07T11:13:54","slug":"margin-uspon-na-himalaju","status":"publish","type":"post","link":"https:\/\/prva.hr\/index.php\/2016\/12\/12\/margin-uspon-na-himalaju\/","title":{"rendered":"Margin uspon na Himalaju"},"content":{"rendered":"<p>U petak, 9. 12. 2016. ugostili smo sasvim posebnu osobu &#8211; Margaretu Mi\u0161i\u0107, \u017eenu koja se prije samo\u00a0 2 tjedna popela na Himalaju.<\/p>\n<p>Sve nas je iznenadila na samom po\u010detku predavanja informacijom da je njeno planinarsko iskustvo po\u010delo tek prije godinu i pol dana. Vrlo brzo se rodila ideja o usponu na Himalaju.<\/p>\n<p>S jo\u0161 dvojicom prijatelja godinu se dana pripremala za ekspediciju.<\/p>\n<p>Dok Marga pri\u010da o pripremama, putu do Nepala, malom aerodromu Lukli (najopasnijem na svijetu) na koji su sletjeli, egzoti\u010dnom \u017eivotu nepalskog stanovni\u0161tva,\u00a0 surovim uvjetima koji vladaju u planini, visinskoj bolesti s kojom se suo\u010dila, potpunom iscrpljenosti\u00a0 tijela i uma i nevjerojatnoj mentalnoj snazi koja ju je odvela do cilja&#8230; slu\u0161aoc ima dojam kao da je to za nju neki san, kao da jo\u0161 nije osvijestila da je zaista bila tamo i popela se.<\/p>\n<p>Kroz vrlo simpati\u010dno i iskreno predavanje Marga nas je odvela u taj daleki dio svijeta. Ne\u0161to vi\u0161e od stotinjak prisutnih je toplim aplauzom nagradilo njen fantasti\u010dan pothvat. Bravo Marga, divimo ti se!<\/p>\n<p align=\"right\">Meri Matu\u0161an, prof.<\/p>\n<p align=\"right\">\n<p align=\"right\">\n<p><img decoding=\"async\" data-src=\"http:\/\/www.prva.hr\/images\/pdf\/marga1.jpg\" width=\"250\" height=\"141\" border=\"0\" src=\"data:image\/svg+xml;base64,PHN2ZyB3aWR0aD0iMSIgaGVpZ2h0PSIxIiB4bWxucz0iaHR0cDovL3d3dy53My5vcmcvMjAwMC9zdmciPjwvc3ZnPg==\" class=\"lazyload\" style=\"--smush-placeholder-width: 250px; --smush-placeholder-aspect-ratio: 250\/141;\" \/><\/p>\n<p>Marga u 1. gimnaziji, a samo dvadesetak dana prije na 6189 m<\/p>\n<p>&nbsp;<\/p>\n<p><img decoding=\"async\" data-src=\"http:\/\/www.prva.hr\/images\/pdf\/marga2.jpg\" width=\"112\" height=\"200\" border=\"0\" src=\"data:image\/svg+xml;base64,PHN2ZyB3aWR0aD0iMSIgaGVpZ2h0PSIxIiB4bWxucz0iaHR0cDovL3d3dy53My5vcmcvMjAwMC9zdmciPjwvc3ZnPg==\" class=\"lazyload\" style=\"--smush-placeholder-width: 112px; --smush-placeholder-aspect-ratio: 112\/200;\" \/><\/p>\n<p>U pozadini fotografija na osvojenom vrhu<\/p>\n<p><span class=\"article_separator\">\u00a0<\/span><\/p>\n","protected":false},"excerpt":{"rendered":"<p>U petak, 9. 12. 2016. ugostili smo sasvim posebnu osobu &#8211; Margaretu Mi\u0161i\u0107, \u017eenu koja se prije samo\u00a0 2 tjedna popela na Himalaju. Sve nas je iznenadila na samom po\u010detku predavanja informacijom da je njeno planinarsko iskustvo po\u010delo tek prije godinu i pol dana. Vrlo brzo se rodila ideja o usponu na Himalaju. S jo\u0161 [&hellip;]<\/p>\n","protected":false},"author":1,"featured_media":0,"comment_status":"closed","ping_status":"closed","sticky":false,"template":"","format":"standard","meta":{"_et_pb_use_builder":"","_et_pb_old_content":"","_et_gb_content_width":"","footnotes":""},"categories":[9],"tags":[],"class_list":["post-1170","post","type-post","status-publish","format-standard","hentry","category-arhiva"],"_links":{"self":[{"href":"https:\/\/prva.hr\/index.php\/wp-json\/wp\/v2\/posts\/1170","targetHints":{"allow":["GET"]}}],"collection":[{"href":"https:\/\/prva.hr\/index.php\/wp-json\/wp\/v2\/posts"}],"about":[{"href":"https:\/\/prva.hr\/index.php\/wp-json\/wp\/v2\/types\/post"}],"author":[{"embeddable":true,"href":"https:\/\/prva.hr\/index.php\/wp-json\/wp\/v2\/users\/1"}],"replies":[{"embeddable":true,"href":"https:\/\/prva.hr\/index.php\/wp-json\/wp\/v2\/comments?post=1170"}],"version-history":[{"count":1,"href":"https:\/\/prva.hr\/index.php\/wp-json\/wp\/v2\/posts\/1170\/revisions"}],"predecessor-version":[{"id":1171,"href":"https:\/\/prva.hr\/index.php\/wp-json\/wp\/v2\/posts\/1170\/revisions\/1171"}],"wp:attachment":[{"href":"https:\/\/prva.hr\/index.php\/wp-json\/wp\/v2\/media?parent=1170"}],"wp:term":[{"taxonomy":"category","embeddable":true,"href":"https:\/\/prva.hr\/index.php\/wp-json\/wp\/v2\/categories?post=1170"},{"taxonomy":"post_tag","embeddable":true,"href":"https:\/\/prva.hr\/index.php\/wp-json\/wp\/v2\/tags?post=1170"}],"curies":[{"name":"wp","href":"https:\/\/api.w.org\/{rel}","templated":true}]}}