{"id":11719,"date":"2022-05-16T08:12:46","date_gmt":"2022-05-16T06:12:46","guid":{"rendered":"https:\/\/www.prva.hr\/?p=11719"},"modified":"2022-05-16T08:12:46","modified_gmt":"2022-05-16T06:12:46","slug":"drzavno-natjecanje-iz-hrvatskoga-jezika","status":"publish","type":"post","link":"https:\/\/prva.hr\/index.php\/2022\/05\/16\/drzavno-natjecanje-iz-hrvatskoga-jezika\/","title":{"rendered":"Dr\u017eavno Natjecanje iz hrvatskoga jezika"},"content":{"rendered":"<p>U sun\u010danom Zadru na \u00a0(od 11. do 13. svibnja) u\u010denice Marta Rimac, 2. r. i Marina Bogovi\u0107, 4. r. ostvarile su iznimne rezultate!<\/p>\n<div dir=\"auto\">Marta je osvojila sjajno drugo mjesto dok je Marina bila \u0161esta!<\/div>\n<div dir=\"auto\">Djevojke, veselimo se s vama!<\/div>\n<div dir=\"auto\">\u010cestitke u\u010denicama i mentorici Martini \u0160obar!<\/div>\n<div dir=\"auto\"><\/div>\n<div dir=\"auto\"><img decoding=\"async\" class=\"alignnone size-medium wp-image-11725 lazyload\" data-src=\"https:\/\/www.prva.hr\/wp-content\/uploads\/2022\/05\/IMG-20220513-WA0003-300x200.jpg\" alt=\"\" width=\"300\" height=\"200\" data-srcset=\"https:\/\/prva.hr\/wp-content\/uploads\/2022\/05\/IMG-20220513-WA0003-300x200.jpg 300w, https:\/\/prva.hr\/wp-content\/uploads\/2022\/05\/IMG-20220513-WA0003-768x512.jpg 768w, https:\/\/prva.hr\/wp-content\/uploads\/2022\/05\/IMG-20220513-WA0003-1024x683.jpg 1024w, https:\/\/prva.hr\/wp-content\/uploads\/2022\/05\/IMG-20220513-WA0003-400x267.jpg 400w, https:\/\/prva.hr\/wp-content\/uploads\/2022\/05\/IMG-20220513-WA0003.jpg 1500w\" data-sizes=\"(max-width: 300px) 100vw, 300px\" src=\"data:image\/svg+xml;base64,PHN2ZyB3aWR0aD0iMSIgaGVpZ2h0PSIxIiB4bWxucz0iaHR0cDovL3d3dy53My5vcmcvMjAwMC9zdmciPjwvc3ZnPg==\" style=\"--smush-placeholder-width: 300px; --smush-placeholder-aspect-ratio: 300\/200;\" \/><img decoding=\"async\" class=\"alignnone size-medium wp-image-11724 lazyload\" data-src=\"https:\/\/www.prva.hr\/wp-content\/uploads\/2022\/05\/IMG-20220513-WA0006-200x300.jpg\" alt=\"\" width=\"200\" height=\"300\" data-srcset=\"https:\/\/prva.hr\/wp-content\/uploads\/2022\/05\/IMG-20220513-WA0006-200x300.jpg 200w, https:\/\/prva.hr\/wp-content\/uploads\/2022\/05\/IMG-20220513-WA0006-768x1152.jpg 768w, https:\/\/prva.hr\/wp-content\/uploads\/2022\/05\/IMG-20220513-WA0006-683x1024.jpg 683w, https:\/\/prva.hr\/wp-content\/uploads\/2022\/05\/IMG-20220513-WA0006.jpg 1000w\" data-sizes=\"(max-width: 200px) 100vw, 200px\" src=\"data:image\/svg+xml;base64,PHN2ZyB3aWR0aD0iMSIgaGVpZ2h0PSIxIiB4bWxucz0iaHR0cDovL3d3dy53My5vcmcvMjAwMC9zdmciPjwvc3ZnPg==\" style=\"--smush-placeholder-width: 200px; --smush-placeholder-aspect-ratio: 200\/300;\" \/><img decoding=\"async\" class=\"alignnone size-medium wp-image-11723 lazyload\" data-src=\"https:\/\/www.prva.hr\/wp-content\/uploads\/2022\/05\/IMG-20220513-WA0005-200x300.jpg\" alt=\"\" width=\"200\" height=\"300\" data-srcset=\"https:\/\/prva.hr\/wp-content\/uploads\/2022\/05\/IMG-20220513-WA0005-200x300.jpg 200w, https:\/\/prva.hr\/wp-content\/uploads\/2022\/05\/IMG-20220513-WA0005-768x1152.jpg 768w, https:\/\/prva.hr\/wp-content\/uploads\/2022\/05\/IMG-20220513-WA0005-683x1024.jpg 683w, https:\/\/prva.hr\/wp-content\/uploads\/2022\/05\/IMG-20220513-WA0005.jpg 1000w\" data-sizes=\"(max-width: 200px) 100vw, 200px\" src=\"data:image\/svg+xml;base64,PHN2ZyB3aWR0aD0iMSIgaGVpZ2h0PSIxIiB4bWxucz0iaHR0cDovL3d3dy53My5vcmcvMjAwMC9zdmciPjwvc3ZnPg==\" style=\"--smush-placeholder-width: 200px; --smush-placeholder-aspect-ratio: 200\/300;\" \/><img decoding=\"async\" class=\"alignnone size-medium wp-image-11722 lazyload\" data-src=\"https:\/\/www.prva.hr\/wp-content\/uploads\/2022\/05\/IMG-20220513-WA0004-225x300.jpg\" alt=\"\" width=\"225\" height=\"300\" data-srcset=\"https:\/\/prva.hr\/wp-content\/uploads\/2022\/05\/IMG-20220513-WA0004-225x300.jpg 225w, https:\/\/prva.hr\/wp-content\/uploads\/2022\/05\/IMG-20220513-WA0004-768x1024.jpg 768w, https:\/\/prva.hr\/wp-content\/uploads\/2022\/05\/IMG-20220513-WA0004.jpg 1200w\" data-sizes=\"(max-width: 225px) 100vw, 225px\" src=\"data:image\/svg+xml;base64,PHN2ZyB3aWR0aD0iMSIgaGVpZ2h0PSIxIiB4bWxucz0iaHR0cDovL3d3dy53My5vcmcvMjAwMC9zdmciPjwvc3ZnPg==\" style=\"--smush-placeholder-width: 225px; --smush-placeholder-aspect-ratio: 225\/300;\" \/><\/div>\n","protected":false},"excerpt":{"rendered":"<p>U sun\u010danom Zadru na \u00a0(od 11. do 13. svibnja) u\u010denice Marta Rimac, 2. r. i Marina Bogovi\u0107, 4. r. ostvarile su iznimne rezultate! Marta je osvojila sjajno drugo mjesto dok je Marina bila \u0161esta! Djevojke, veselimo se s vama! \u010cestitke u\u010denicama i mentorici Martini \u0160obar!<\/p>\n","protected":false},"author":7,"featured_media":11721,"comment_status":"closed","ping_status":"closed","sticky":false,"template":"","format":"standard","meta":{"_et_pb_use_builder":"","_et_pb_old_content":"","_et_gb_content_width":"","footnotes":""},"categories":[4,24],"tags":[],"class_list":["post-11719","post","type-post","status-publish","format-standard","has-post-thumbnail","hentry","category-najnovije-vijesti","category-predmetna-natjecanja"],"_links":{"self":[{"href":"https:\/\/prva.hr\/index.php\/wp-json\/wp\/v2\/posts\/11719","targetHints":{"allow":["GET"]}}],"collection":[{"href":"https:\/\/prva.hr\/index.php\/wp-json\/wp\/v2\/posts"}],"about":[{"href":"https:\/\/prva.hr\/index.php\/wp-json\/wp\/v2\/types\/post"}],"author":[{"embeddable":true,"href":"https:\/\/prva.hr\/index.php\/wp-json\/wp\/v2\/users\/7"}],"replies":[{"embeddable":true,"href":"https:\/\/prva.hr\/index.php\/wp-json\/wp\/v2\/comments?post=11719"}],"version-history":[{"count":1,"href":"https:\/\/prva.hr\/index.php\/wp-json\/wp\/v2\/posts\/11719\/revisions"}],"predecessor-version":[{"id":11726,"href":"https:\/\/prva.hr\/index.php\/wp-json\/wp\/v2\/posts\/11719\/revisions\/11726"}],"wp:featuredmedia":[{"embeddable":true,"href":"https:\/\/prva.hr\/index.php\/wp-json\/wp\/v2\/media\/11721"}],"wp:attachment":[{"href":"https:\/\/prva.hr\/index.php\/wp-json\/wp\/v2\/media?parent=11719"}],"wp:term":[{"taxonomy":"category","embeddable":true,"href":"https:\/\/prva.hr\/index.php\/wp-json\/wp\/v2\/categories?post=11719"},{"taxonomy":"post_tag","embeddable":true,"href":"https:\/\/prva.hr\/index.php\/wp-json\/wp\/v2\/tags?post=11719"}],"curies":[{"name":"wp","href":"https:\/\/api.w.org\/{rel}","templated":true}]}}