{"id":1174,"date":"2016-12-19T13:14:42","date_gmt":"2016-12-19T12:14:42","guid":{"rendered":"http:\/\/www2.prva.hr\/?p=1174"},"modified":"2017-08-07T13:15:08","modified_gmt":"2017-08-07T11:15:08","slug":"solo-ili-solidarno-izaberi-put-angazirani-mladi-za-solidarnost-i-drustveno-ukljucivanje-mladih-kako-sprijeciti-porast-problema-u-ponasanju","status":"publish","type":"post","link":"https:\/\/prva.hr\/index.php\/2016\/12\/19\/solo-ili-solidarno-izaberi-put-angazirani-mladi-za-solidarnost-i-drustveno-ukljucivanje-mladih-kako-sprijeciti-porast-problema-u-ponasanju\/","title":{"rendered":"SOLO ILI SOLIDARNO? IZABERI PUT! Anga\u017eirani mladi za solidarnost i dru\u0161tveno uklju\u010divanje mladih: Kako sprije\u010diti porast problema u pona\u0161anju?"},"content":{"rendered":"<p>Dru\u0161tveno anga\u017eirani mladi koji su \u017eeljeli doprinijeti dru\u0161tvenom uklju\u010divanju svojih vr\u0161njaka u riziku od socijalne isklju\u010denosti uz podr\u0161ku Ambidekster kluba organizirali su i isplanirali razli\u010dite aktivnosti solidarnosti u svojim \u0161kolama i lokalnim zajednicama, koje su prezentirali na tribini razmjene iskustva i konferenciji za medije odr\u017eanoj 14. prosinca u Zagrebu u Hotelu Dubrovnik. U tome su sudjelovali i u\u010denici 1. gimnazije, a predstavnici na tribini razmjene iskustva bili su u\u010denici Ana Daria Bokan i Dario Topi\u0107. Ana je opisala kako je cijeli projekt zami\u0161ljen, tko je u njemu sudjelovao i gdje se provodio, dok je Dario opisao svoje vi\u0111enje ciljeva projekta: \u201e\u017deljeli bismo upozoriti da rje\u0161enje nisu podjele me\u0111u razli\u010ditim skupinama mladih te se zalo\u017eiti za\u00a0 mlade koji su u nejednakom dru\u0161tvenom polo\u017eaju kako oni ne bi bili isklju\u010deni iz dru\u0161tva. Mislimo kako ono \u0161to se danas smatra problemom u pona\u0161anju ne smije biti razlog za socijalno isklju\u010divanje djece i mladih iz dru\u0161tva, iz \u0161kolovanja i zapo\u0161ljavanja, nego da svi trebamo pridonijeti rje\u0161avanju njihovih problema.\u201c<\/p>\n<p>Spomenuti u\u010denici su zajedno sa izvr\u0161nom direktoricom Anom Habdija-\u0160or\u0161a prezentirali\u00a0 zaklju\u010dke s tribine \u201eSOLO ili solidarno\u201c u emisiji \u201eIsti i razli\u010diti\u201c na Prvom programu Hrvatskog radija. Snimku emisije mo\u017eete poslu\u0161ati na sljede\u0107em linku <a href=\"http:\/\/radio.hrt.hr\/aod\/solo-ili-solidarno\/188628\/\">http:\/\/radio.hrt.hr\/aod\/solo-ili-solidarno\/188628\/<\/a><\/p>\n<p>Uz tribinu, odr\u017eana je i konferencija za medije gdje su mediji pozvani pro\u0161iriti vijest o prikazanim pozitivnim primjerima dobre prakse i aktivnog uklju\u010divanja mladih u pru\u017eanje podr\u0161ke i pomo\u0107i te u borbu protiv socijalne isklju\u010denosti njihovih vr\u0161njaka.<\/p>\n<p>&nbsp;<\/p>\n<p><img decoding=\"async\" data-src=\"http:\/\/www.prva.hr\/images\/pdf\/solo1.jpg\" width=\"250\" height=\"141\" border=\"0\" src=\"data:image\/svg+xml;base64,PHN2ZyB3aWR0aD0iMSIgaGVpZ2h0PSIxIiB4bWxucz0iaHR0cDovL3d3dy53My5vcmcvMjAwMC9zdmciPjwvc3ZnPg==\" class=\"lazyload\" style=\"--smush-placeholder-width: 250px; --smush-placeholder-aspect-ratio: 250\/141;\" \/> <img decoding=\"async\" data-src=\"http:\/\/www.prva.hr\/images\/pdf\/solo4.jpg\" width=\"250\" height=\"141\" border=\"0\" src=\"data:image\/svg+xml;base64,PHN2ZyB3aWR0aD0iMSIgaGVpZ2h0PSIxIiB4bWxucz0iaHR0cDovL3d3dy53My5vcmcvMjAwMC9zdmciPjwvc3ZnPg==\" class=\"lazyload\" style=\"--smush-placeholder-width: 250px; --smush-placeholder-aspect-ratio: 250\/141;\" \/><\/p>\n<p><img decoding=\"async\" data-src=\"http:\/\/www.prva.hr\/images\/pdf\/solo2.JPG\" width=\"250\" height=\"167\" border=\"0\" src=\"data:image\/svg+xml;base64,PHN2ZyB3aWR0aD0iMSIgaGVpZ2h0PSIxIiB4bWxucz0iaHR0cDovL3d3dy53My5vcmcvMjAwMC9zdmciPjwvc3ZnPg==\" class=\"lazyload\" style=\"--smush-placeholder-width: 250px; --smush-placeholder-aspect-ratio: 250\/167;\" \/> <img decoding=\"async\" data-src=\"http:\/\/www.prva.hr\/images\/pdf\/solo3.JPG\" width=\"250\" height=\"167\" border=\"0\" src=\"data:image\/svg+xml;base64,PHN2ZyB3aWR0aD0iMSIgaGVpZ2h0PSIxIiB4bWxucz0iaHR0cDovL3d3dy53My5vcmcvMjAwMC9zdmciPjwvc3ZnPg==\" class=\"lazyload\" style=\"--smush-placeholder-width: 250px; --smush-placeholder-aspect-ratio: 250\/167;\" \/><\/p>\n","protected":false},"excerpt":{"rendered":"<p>Dru\u0161tveno anga\u017eirani mladi koji su \u017eeljeli doprinijeti dru\u0161tvenom uklju\u010divanju svojih vr\u0161njaka u riziku od socijalne isklju\u010denosti uz podr\u0161ku Ambidekster kluba organizirali su i isplanirali razli\u010dite aktivnosti solidarnosti u svojim \u0161kolama i lokalnim zajednicama, koje su prezentirali na tribini razmjene iskustva i konferenciji za medije odr\u017eanoj 14. prosinca u Zagrebu u Hotelu Dubrovnik. U tome su [&hellip;]<\/p>\n","protected":false},"author":1,"featured_media":0,"comment_status":"closed","ping_status":"closed","sticky":false,"template":"","format":"standard","meta":{"_et_pb_use_builder":"","_et_pb_old_content":"","_et_gb_content_width":"","footnotes":""},"categories":[9],"tags":[],"class_list":["post-1174","post","type-post","status-publish","format-standard","hentry","category-arhiva"],"_links":{"self":[{"href":"https:\/\/prva.hr\/index.php\/wp-json\/wp\/v2\/posts\/1174","targetHints":{"allow":["GET"]}}],"collection":[{"href":"https:\/\/prva.hr\/index.php\/wp-json\/wp\/v2\/posts"}],"about":[{"href":"https:\/\/prva.hr\/index.php\/wp-json\/wp\/v2\/types\/post"}],"author":[{"embeddable":true,"href":"https:\/\/prva.hr\/index.php\/wp-json\/wp\/v2\/users\/1"}],"replies":[{"embeddable":true,"href":"https:\/\/prva.hr\/index.php\/wp-json\/wp\/v2\/comments?post=1174"}],"version-history":[{"count":1,"href":"https:\/\/prva.hr\/index.php\/wp-json\/wp\/v2\/posts\/1174\/revisions"}],"predecessor-version":[{"id":1175,"href":"https:\/\/prva.hr\/index.php\/wp-json\/wp\/v2\/posts\/1174\/revisions\/1175"}],"wp:attachment":[{"href":"https:\/\/prva.hr\/index.php\/wp-json\/wp\/v2\/media?parent=1174"}],"wp:term":[{"taxonomy":"category","embeddable":true,"href":"https:\/\/prva.hr\/index.php\/wp-json\/wp\/v2\/categories?post=1174"},{"taxonomy":"post_tag","embeddable":true,"href":"https:\/\/prva.hr\/index.php\/wp-json\/wp\/v2\/tags?post=1174"}],"curies":[{"name":"wp","href":"https:\/\/api.w.org\/{rel}","templated":true}]}}