{"id":11782,"date":"2022-05-18T10:08:40","date_gmt":"2022-05-18T08:08:40","guid":{"rendered":"https:\/\/www.prva.hr\/?p=11782"},"modified":"2022-05-18T10:08:40","modified_gmt":"2022-05-18T08:08:40","slug":"novi-donator-zaklade-i-gimnazije-akica","status":"publish","type":"post","link":"https:\/\/prva.hr\/index.php\/2022\/05\/18\/novi-donator-zaklade-i-gimnazije-akica\/","title":{"rendered":"NOVI DONATOR ZAKLADE I. GIMNAZIJE AKICA"},"content":{"rendered":"<p>Zahvaljuju\u0107i primjeru g\u0111e Ivanke Canki Akice koja je imovinu ostavila u\u010denicima I. gimnazije slabijeg imovinskog stanja i bez roditeljske skrbi dobivena je jo\u0161 jedna izda\u0161na donacija. Gdin\u00a0<b>Vjekoslav \u0160ubi\u0107<\/b>\u00a0je prepoznao va\u017enost ulaganja u mlade te tijekom 2021. i 2022. uplatio u na\u0161u Zakladu dva nov\u010dana priloga u sveukupnom iznosu od 250.000 kuna. U auli \u0161kole postavljena je i plo\u010da Zaklade s imenima donatora, a cijelu pri\u010du o plemenitom \u010dinu gdina \u0160ubi\u0107a objavio je i Jutarnji list.<\/p>\n<p>&nbsp;<\/p>\n<p><img decoding=\"async\" class=\"alignnone size-medium wp-image-11786 lazyload\" data-src=\"https:\/\/www.prva.hr\/wp-content\/uploads\/2022\/05\/IMG_0579-136x300.jpg\" alt=\"\" width=\"136\" height=\"300\" data-srcset=\"https:\/\/prva.hr\/wp-content\/uploads\/2022\/05\/IMG_0579-136x300.jpg 136w, https:\/\/prva.hr\/wp-content\/uploads\/2022\/05\/IMG_0579-768x1690.jpg 768w, https:\/\/prva.hr\/wp-content\/uploads\/2022\/05\/IMG_0579-465x1024.jpg 465w, https:\/\/prva.hr\/wp-content\/uploads\/2022\/05\/IMG_0579.jpg 1735w\" data-sizes=\"(max-width: 136px) 100vw, 136px\" src=\"data:image\/svg+xml;base64,PHN2ZyB3aWR0aD0iMSIgaGVpZ2h0PSIxIiB4bWxucz0iaHR0cDovL3d3dy53My5vcmcvMjAwMC9zdmciPjwvc3ZnPg==\" style=\"--smush-placeholder-width: 136px; --smush-placeholder-aspect-ratio: 136\/300;\" \/> <img decoding=\"async\" class=\"alignnone  wp-image-11787 lazyload\" data-src=\"https:\/\/www.prva.hr\/wp-content\/uploads\/2022\/05\/IMG_0578-142x300.jpg\" alt=\"\" width=\"140\" height=\"296\" data-srcset=\"https:\/\/prva.hr\/wp-content\/uploads\/2022\/05\/IMG_0578-142x300.jpg 142w, https:\/\/prva.hr\/wp-content\/uploads\/2022\/05\/IMG_0578-768x1619.jpg 768w, https:\/\/prva.hr\/wp-content\/uploads\/2022\/05\/IMG_0578-486x1024.jpg 486w, https:\/\/prva.hr\/wp-content\/uploads\/2022\/05\/IMG_0578.jpg 1424w\" data-sizes=\"(max-width: 140px) 100vw, 140px\" src=\"data:image\/svg+xml;base64,PHN2ZyB3aWR0aD0iMSIgaGVpZ2h0PSIxIiB4bWxucz0iaHR0cDovL3d3dy53My5vcmcvMjAwMC9zdmciPjwvc3ZnPg==\" style=\"--smush-placeholder-width: 140px; --smush-placeholder-aspect-ratio: 140\/296;\" \/><\/p>\n<p>&nbsp;<\/p>\n<p>&nbsp;<\/p>\n<p>&nbsp;<\/p>\n<p>&nbsp;<\/p>\n","protected":false},"excerpt":{"rendered":"<p>Zahvaljuju\u0107i primjeru g\u0111e Ivanke Canki Akice koja je imovinu ostavila u\u010denicima I. gimnazije slabijeg imovinskog stanja i bez roditeljske skrbi dobivena je jo\u0161 jedna izda\u0161na donacija. Gdin\u00a0Vjekoslav \u0160ubi\u0107\u00a0je prepoznao va\u017enost ulaganja u mlade te tijekom 2021. i 2022. uplatio u na\u0161u Zakladu dva nov\u010dana priloga u sveukupnom iznosu od 250.000 kuna. U auli \u0161kole postavljena [&hellip;]<\/p>\n","protected":false},"author":7,"featured_media":11784,"comment_status":"closed","ping_status":"closed","sticky":false,"template":"","format":"standard","meta":{"_et_pb_use_builder":"","_et_pb_old_content":"","_et_gb_content_width":"","footnotes":""},"categories":[9,52,4,79],"tags":[],"class_list":["post-11782","post","type-post","status-publish","format-standard","has-post-thumbnail","hentry","category-arhiva","category-mediji-skola-u-medijima","category-najnovije-vijesti","category-zaklada"],"_links":{"self":[{"href":"https:\/\/prva.hr\/index.php\/wp-json\/wp\/v2\/posts\/11782","targetHints":{"allow":["GET"]}}],"collection":[{"href":"https:\/\/prva.hr\/index.php\/wp-json\/wp\/v2\/posts"}],"about":[{"href":"https:\/\/prva.hr\/index.php\/wp-json\/wp\/v2\/types\/post"}],"author":[{"embeddable":true,"href":"https:\/\/prva.hr\/index.php\/wp-json\/wp\/v2\/users\/7"}],"replies":[{"embeddable":true,"href":"https:\/\/prva.hr\/index.php\/wp-json\/wp\/v2\/comments?post=11782"}],"version-history":[{"count":1,"href":"https:\/\/prva.hr\/index.php\/wp-json\/wp\/v2\/posts\/11782\/revisions"}],"predecessor-version":[{"id":11788,"href":"https:\/\/prva.hr\/index.php\/wp-json\/wp\/v2\/posts\/11782\/revisions\/11788"}],"wp:featuredmedia":[{"embeddable":true,"href":"https:\/\/prva.hr\/index.php\/wp-json\/wp\/v2\/media\/11784"}],"wp:attachment":[{"href":"https:\/\/prva.hr\/index.php\/wp-json\/wp\/v2\/media?parent=11782"}],"wp:term":[{"taxonomy":"category","embeddable":true,"href":"https:\/\/prva.hr\/index.php\/wp-json\/wp\/v2\/categories?post=11782"},{"taxonomy":"post_tag","embeddable":true,"href":"https:\/\/prva.hr\/index.php\/wp-json\/wp\/v2\/tags?post=11782"}],"curies":[{"name":"wp","href":"https:\/\/api.w.org\/{rel}","templated":true}]}}