{"id":11812,"date":"2022-05-18T14:58:45","date_gmt":"2022-05-18T12:58:45","guid":{"rendered":"https:\/\/www.prva.hr\/?p=11812"},"modified":"2022-05-18T14:58:45","modified_gmt":"2022-05-18T12:58:45","slug":"dan-susjeda-utrina","status":"publish","type":"post","link":"https:\/\/prva.hr\/index.php\/2022\/05\/18\/dan-susjeda-utrina\/","title":{"rendered":"DAN SUSJEDA UTRINA"},"content":{"rendered":"<div class=\"cxmmr5t8 oygrvhab hcukyx3x c1et5uql o9v6fnle ii04i59q\">\n<div dir=\"auto\">U subotu je (7.5.) obilje\u017een Dan susjeda Utrina i to upravo u prostorima Prve, a velik doprinos dali su i na\u0161i u\u010denici. <span class=\"pq6dq46d tbxw36s4 knj5qynh kvgmc6g5 ditlmg2l oygrvhab nvdbi5me sf5mxxl7 gl3lb2sf hhz5lgdu\"><img decoding=\"async\" data-src=\"https:\/\/static.xx.fbcdn.net\/images\/emoji.php\/v9\/tea\/1\/16\/1f970.png\" alt=\"\ud83e\udd70\" width=\"16\" height=\"16\" src=\"data:image\/svg+xml;base64,PHN2ZyB3aWR0aD0iMSIgaGVpZ2h0PSIxIiB4bWxucz0iaHR0cDovL3d3dy53My5vcmcvMjAwMC9zdmciPjwvc3ZnPg==\" class=\"lazyload\" style=\"--smush-placeholder-width: 16px; --smush-placeholder-aspect-ratio: 16\/16;\" \/><\/span><\/div>\n<\/div>\n<div class=\"cxmmr5t8 oygrvhab hcukyx3x c1et5uql o9v6fnle ii04i59q\">\n<div dir=\"auto\">Na\u0161e dvije u\u010denice &#8211; Lara Horvat (3.b) i Jana Boto (3.c) obogatile su izlo\u017ebu fotografija upravo svojom fotopri\u010dom o tome kako one vide kvart koji je dio njihove svakodnevice.<\/div>\n<\/div>\n<div class=\"cxmmr5t8 oygrvhab hcukyx3x c1et5uql o9v6fnle ii04i59q\">\n<div dir=\"auto\">Pa pogledajte kako izgleda na\u0161 kvart kroz objektiv dviju talentiranih u\u010denica. <span class=\"pq6dq46d tbxw36s4 knj5qynh kvgmc6g5 ditlmg2l oygrvhab nvdbi5me sf5mxxl7 gl3lb2sf hhz5lgdu\"><img decoding=\"async\" data-src=\"https:\/\/static.xx.fbcdn.net\/images\/emoji.php\/v9\/tde\/1\/16\/1f4f8.png\" alt=\"\ud83d\udcf8\" width=\"16\" height=\"16\" src=\"data:image\/svg+xml;base64,PHN2ZyB3aWR0aD0iMSIgaGVpZ2h0PSIxIiB4bWxucz0iaHR0cDovL3d3dy53My5vcmcvMjAwMC9zdmciPjwvc3ZnPg==\" class=\"lazyload\" style=\"--smush-placeholder-width: 16px; --smush-placeholder-aspect-ratio: 16\/16;\" \/><\/span><span class=\"pq6dq46d tbxw36s4 knj5qynh kvgmc6g5 ditlmg2l oygrvhab nvdbi5me sf5mxxl7 gl3lb2sf hhz5lgdu\"><img decoding=\"async\" data-src=\"https:\/\/static.xx.fbcdn.net\/images\/emoji.php\/v9\/t57\/1\/16\/1f609.png\" alt=\"\ud83d\ude09\" width=\"16\" height=\"16\" src=\"data:image\/svg+xml;base64,PHN2ZyB3aWR0aD0iMSIgaGVpZ2h0PSIxIiB4bWxucz0iaHR0cDovL3d3dy53My5vcmcvMjAwMC9zdmciPjwvc3ZnPg==\" class=\"lazyload\" style=\"--smush-placeholder-width: 16px; --smush-placeholder-aspect-ratio: 16\/16;\" \/><\/span><\/div>\n<\/div>\n<div dir=\"auto\"><img decoding=\"async\" class=\"alignnone size-medium wp-image-11813 lazyload\" data-src=\"https:\/\/www.prva.hr\/wp-content\/uploads\/2022\/05\/\u0161k-5-300x300.jpg\" alt=\"\" width=\"300\" height=\"300\" data-srcset=\"https:\/\/prva.hr\/wp-content\/uploads\/2022\/05\/\u0161k-5-300x300.jpg 300w, https:\/\/prva.hr\/wp-content\/uploads\/2022\/05\/\u0161k-5-150x150.jpg 150w, https:\/\/prva.hr\/wp-content\/uploads\/2022\/05\/\u0161k-5-768x768.jpg 768w, https:\/\/prva.hr\/wp-content\/uploads\/2022\/05\/\u0161k-5.jpg 973w\" data-sizes=\"(max-width: 300px) 100vw, 300px\" src=\"data:image\/svg+xml;base64,PHN2ZyB3aWR0aD0iMSIgaGVpZ2h0PSIxIiB4bWxucz0iaHR0cDovL3d3dy53My5vcmcvMjAwMC9zdmciPjwvc3ZnPg==\" style=\"--smush-placeholder-width: 300px; --smush-placeholder-aspect-ratio: 300\/300;\" \/> <img decoding=\"async\" class=\"alignnone size-medium wp-image-11814 lazyload\" data-src=\"https:\/\/www.prva.hr\/wp-content\/uploads\/2022\/05\/\u0161k-6-300x300.jpg\" alt=\"\" width=\"300\" height=\"300\" data-srcset=\"https:\/\/prva.hr\/wp-content\/uploads\/2022\/05\/\u0161k-6-300x300.jpg 300w, https:\/\/prva.hr\/wp-content\/uploads\/2022\/05\/\u0161k-6-150x150.jpg 150w, https:\/\/prva.hr\/wp-content\/uploads\/2022\/05\/\u0161k-6-768x768.jpg 768w, https:\/\/prva.hr\/wp-content\/uploads\/2022\/05\/\u0161k-6.jpg 873w\" data-sizes=\"(max-width: 300px) 100vw, 300px\" src=\"data:image\/svg+xml;base64,PHN2ZyB3aWR0aD0iMSIgaGVpZ2h0PSIxIiB4bWxucz0iaHR0cDovL3d3dy53My5vcmcvMjAwMC9zdmciPjwvc3ZnPg==\" style=\"--smush-placeholder-width: 300px; --smush-placeholder-aspect-ratio: 300\/300;\" \/> <img decoding=\"async\" class=\"alignnone size-medium wp-image-11815 lazyload\" data-src=\"https:\/\/www.prva.hr\/wp-content\/uploads\/2022\/05\/\u0161k1-300x300.jpg\" alt=\"\" width=\"300\" height=\"300\" data-srcset=\"https:\/\/prva.hr\/wp-content\/uploads\/2022\/05\/\u0161k1-300x300.jpg 300w, https:\/\/prva.hr\/wp-content\/uploads\/2022\/05\/\u0161k1-150x150.jpg 150w, https:\/\/prva.hr\/wp-content\/uploads\/2022\/05\/\u0161k1-768x768.jpg 768w, https:\/\/prva.hr\/wp-content\/uploads\/2022\/05\/\u0161k1.jpg 1023w\" data-sizes=\"(max-width: 300px) 100vw, 300px\" src=\"data:image\/svg+xml;base64,PHN2ZyB3aWR0aD0iMSIgaGVpZ2h0PSIxIiB4bWxucz0iaHR0cDovL3d3dy53My5vcmcvMjAwMC9zdmciPjwvc3ZnPg==\" style=\"--smush-placeholder-width: 300px; --smush-placeholder-aspect-ratio: 300\/300;\" \/> <img decoding=\"async\" class=\"alignnone size-medium wp-image-11816 lazyload\" data-src=\"https:\/\/www.prva.hr\/wp-content\/uploads\/2022\/05\/\u0161k2-300x300.jpg\" alt=\"\" width=\"300\" height=\"300\" data-srcset=\"https:\/\/prva.hr\/wp-content\/uploads\/2022\/05\/\u0161k2-300x300.jpg 300w, https:\/\/prva.hr\/wp-content\/uploads\/2022\/05\/\u0161k2-150x150.jpg 150w, https:\/\/prva.hr\/wp-content\/uploads\/2022\/05\/\u0161k2-768x768.jpg 768w, https:\/\/prva.hr\/wp-content\/uploads\/2022\/05\/\u0161k2-1024x1024.jpg 1024w, https:\/\/prva.hr\/wp-content\/uploads\/2022\/05\/\u0161k2.jpg 1080w\" data-sizes=\"(max-width: 300px) 100vw, 300px\" src=\"data:image\/svg+xml;base64,PHN2ZyB3aWR0aD0iMSIgaGVpZ2h0PSIxIiB4bWxucz0iaHR0cDovL3d3dy53My5vcmcvMjAwMC9zdmciPjwvc3ZnPg==\" style=\"--smush-placeholder-width: 300px; --smush-placeholder-aspect-ratio: 300\/300;\" \/> <img decoding=\"async\" class=\"alignnone size-medium wp-image-11817 lazyload\" data-src=\"https:\/\/www.prva.hr\/wp-content\/uploads\/2022\/05\/\u0161k3-300x300.jpg\" alt=\"\" width=\"300\" height=\"300\" data-srcset=\"https:\/\/prva.hr\/wp-content\/uploads\/2022\/05\/\u0161k3-300x300.jpg 300w, https:\/\/prva.hr\/wp-content\/uploads\/2022\/05\/\u0161k3-150x150.jpg 150w, https:\/\/prva.hr\/wp-content\/uploads\/2022\/05\/\u0161k3-768x768.jpg 768w, https:\/\/prva.hr\/wp-content\/uploads\/2022\/05\/\u0161k3-1024x1024.jpg 1024w, https:\/\/prva.hr\/wp-content\/uploads\/2022\/05\/\u0161k3.jpg 1080w\" data-sizes=\"(max-width: 300px) 100vw, 300px\" src=\"data:image\/svg+xml;base64,PHN2ZyB3aWR0aD0iMSIgaGVpZ2h0PSIxIiB4bWxucz0iaHR0cDovL3d3dy53My5vcmcvMjAwMC9zdmciPjwvc3ZnPg==\" style=\"--smush-placeholder-width: 300px; --smush-placeholder-aspect-ratio: 300\/300;\" \/> <img decoding=\"async\" class=\"alignnone size-medium wp-image-11818 lazyload\" data-src=\"https:\/\/www.prva.hr\/wp-content\/uploads\/2022\/05\/\u0161k4-300x300.jpg\" alt=\"\" width=\"300\" height=\"300\" data-srcset=\"https:\/\/prva.hr\/wp-content\/uploads\/2022\/05\/\u0161k4-300x300.jpg 300w, https:\/\/prva.hr\/wp-content\/uploads\/2022\/05\/\u0161k4-150x150.jpg 150w, https:\/\/prva.hr\/wp-content\/uploads\/2022\/05\/\u0161k4-768x768.jpg 768w, https:\/\/prva.hr\/wp-content\/uploads\/2022\/05\/\u0161k4-1024x1024.jpg 1024w, https:\/\/prva.hr\/wp-content\/uploads\/2022\/05\/\u0161k4.jpg 1080w\" data-sizes=\"(max-width: 300px) 100vw, 300px\" src=\"data:image\/svg+xml;base64,PHN2ZyB3aWR0aD0iMSIgaGVpZ2h0PSIxIiB4bWxucz0iaHR0cDovL3d3dy53My5vcmcvMjAwMC9zdmciPjwvc3ZnPg==\" style=\"--smush-placeholder-width: 300px; --smush-placeholder-aspect-ratio: 300\/300;\" \/><\/div>\n<div dir=\"auto\"><\/div>\n","protected":false},"excerpt":{"rendered":"<p>U subotu je (7.5.) obilje\u017een Dan susjeda Utrina i to upravo u prostorima Prve, a velik doprinos dali su i na\u0161i u\u010denici. Na\u0161e dvije u\u010denice &#8211; Lara Horvat (3.b) i Jana Boto (3.c) obogatile su izlo\u017ebu fotografija upravo svojom fotopri\u010dom o tome kako one vide kvart koji je dio njihove svakodnevice. Pa pogledajte kako izgleda [&hellip;]<\/p>\n","protected":false},"author":7,"featured_media":0,"comment_status":"closed","ping_status":"closed","sticky":false,"template":"","format":"standard","meta":{"_et_pb_use_builder":"","_et_pb_old_content":"","_et_gb_content_width":"","footnotes":""},"categories":[14],"tags":[],"class_list":["post-11812","post","type-post","status-publish","format-standard","hentry","category-dogadanja-izvan-skole"],"_links":{"self":[{"href":"https:\/\/prva.hr\/index.php\/wp-json\/wp\/v2\/posts\/11812","targetHints":{"allow":["GET"]}}],"collection":[{"href":"https:\/\/prva.hr\/index.php\/wp-json\/wp\/v2\/posts"}],"about":[{"href":"https:\/\/prva.hr\/index.php\/wp-json\/wp\/v2\/types\/post"}],"author":[{"embeddable":true,"href":"https:\/\/prva.hr\/index.php\/wp-json\/wp\/v2\/users\/7"}],"replies":[{"embeddable":true,"href":"https:\/\/prva.hr\/index.php\/wp-json\/wp\/v2\/comments?post=11812"}],"version-history":[{"count":1,"href":"https:\/\/prva.hr\/index.php\/wp-json\/wp\/v2\/posts\/11812\/revisions"}],"predecessor-version":[{"id":11819,"href":"https:\/\/prva.hr\/index.php\/wp-json\/wp\/v2\/posts\/11812\/revisions\/11819"}],"wp:attachment":[{"href":"https:\/\/prva.hr\/index.php\/wp-json\/wp\/v2\/media?parent=11812"}],"wp:term":[{"taxonomy":"category","embeddable":true,"href":"https:\/\/prva.hr\/index.php\/wp-json\/wp\/v2\/categories?post=11812"},{"taxonomy":"post_tag","embeddable":true,"href":"https:\/\/prva.hr\/index.php\/wp-json\/wp\/v2\/tags?post=11812"}],"curies":[{"name":"wp","href":"https:\/\/api.w.org\/{rel}","templated":true}]}}