{"id":11856,"date":"2022-05-26T17:48:35","date_gmt":"2022-05-26T15:48:35","guid":{"rendered":"https:\/\/www.prva.hr\/?p=11856"},"modified":"2022-05-31T11:15:10","modified_gmt":"2022-05-31T09:15:10","slug":"otvoreni-dan-i-gimnazije-3","status":"publish","type":"post","link":"https:\/\/prva.hr\/index.php\/2022\/05\/26\/otvoreni-dan-i-gimnazije-3\/","title":{"rendered":"Otvoreni dan I. gimnazije"},"content":{"rendered":"<p>Otvoreni dan I. gimnazije za sve zainteresirane za upis odr\u017eat \u0107e se 4. lipnja 2022. (subota).<\/p>\n<p>Do\u0111ite, pogledajte i iskusite atmosferu\u00a0Prve!<\/p>\n<p><strong>Program Otvorenog dana:<\/strong><\/p>\n<p>10.00 h\u00a0 &#8211; 11.15 h\u00a0 &#8211;\u00a0 prezentacija \u0161kole i upisa &#8211; kinodvorana<\/p>\n<p>11.20 h &#8211; 12.45 h &#8211; obilazak \u0161kole<\/p>\n<p>&nbsp;<\/p>\n","protected":false},"excerpt":{"rendered":"<p>Otvoreni dan I. gimnazije za sve zainteresirane za upis odr\u017eat \u0107e se 4. lipnja 2022. (subota). Do\u0111ite, pogledajte i iskusite atmosferu\u00a0Prve! Program Otvorenog dana: 10.00 h\u00a0 &#8211; 11.15 h\u00a0 &#8211;\u00a0 prezentacija \u0161kole i upisa &#8211; kinodvorana 11.20 h &#8211; 12.45 h &#8211; obilazak \u0161kole &nbsp;<\/p>\n","protected":false},"author":7,"featured_media":11865,"comment_status":"closed","ping_status":"closed","sticky":false,"template":"","format":"standard","meta":{"_et_pb_use_builder":"","_et_pb_old_content":"","_et_gb_content_width":"","footnotes":""},"categories":[4],"tags":[],"class_list":["post-11856","post","type-post","status-publish","format-standard","has-post-thumbnail","hentry","category-najnovije-vijesti"],"_links":{"self":[{"href":"https:\/\/prva.hr\/index.php\/wp-json\/wp\/v2\/posts\/11856","targetHints":{"allow":["GET"]}}],"collection":[{"href":"https:\/\/prva.hr\/index.php\/wp-json\/wp\/v2\/posts"}],"about":[{"href":"https:\/\/prva.hr\/index.php\/wp-json\/wp\/v2\/types\/post"}],"author":[{"embeddable":true,"href":"https:\/\/prva.hr\/index.php\/wp-json\/wp\/v2\/users\/7"}],"replies":[{"embeddable":true,"href":"https:\/\/prva.hr\/index.php\/wp-json\/wp\/v2\/comments?post=11856"}],"version-history":[{"count":1,"href":"https:\/\/prva.hr\/index.php\/wp-json\/wp\/v2\/posts\/11856\/revisions"}],"predecessor-version":[{"id":11857,"href":"https:\/\/prva.hr\/index.php\/wp-json\/wp\/v2\/posts\/11856\/revisions\/11857"}],"wp:featuredmedia":[{"embeddable":true,"href":"https:\/\/prva.hr\/index.php\/wp-json\/wp\/v2\/media\/11865"}],"wp:attachment":[{"href":"https:\/\/prva.hr\/index.php\/wp-json\/wp\/v2\/media?parent=11856"}],"wp:term":[{"taxonomy":"category","embeddable":true,"href":"https:\/\/prva.hr\/index.php\/wp-json\/wp\/v2\/categories?post=11856"},{"taxonomy":"post_tag","embeddable":true,"href":"https:\/\/prva.hr\/index.php\/wp-json\/wp\/v2\/tags?post=11856"}],"curies":[{"name":"wp","href":"https:\/\/api.w.org\/{rel}","templated":true}]}}