{"id":11893,"date":"2022-06-08T11:51:39","date_gmt":"2022-06-08T09:51:39","guid":{"rendered":"https:\/\/www.prva.hr\/?p=11893"},"modified":"2022-06-08T11:56:23","modified_gmt":"2022-06-08T09:56:23","slug":"izborna-nastava-u-sk-god-2022-2023","status":"publish","type":"post","link":"https:\/\/prva.hr\/index.php\/2022\/06\/08\/izborna-nastava-u-sk-god-2022-2023\/","title":{"rendered":"IZBORNA NASTAVA U \u0160K. GOD. 2022.\/2023."},"content":{"rendered":"<header class=\"entry-header\">Letak s detaljnim informacijama i ponu\u0111enim izbornim predmetima za \u0161kolsku godinu 2022.\/2023. mo\u017eete pogledati\u00a0<a href=\"https:\/\/www.prva.hr\/wp-content\/uploads\/2022\/06\/letak-izborni-2022.pdf\">ovdje.<\/a><\/header>\n<header><\/header>\n<header><\/header>\n<header><\/header>\n<header><\/header>\n<header><\/header>\n<header><\/header>\n<header><\/header>\n<header class=\"entry-header\"><strong>NA\u010cIN PRIJAVE IZBORNIH PREDMETA:<\/strong><\/header>\n<div class=\"entry-content-wrapper\">\n<div class=\"entry-content\">\n<p>U\u010denici izme\u0111u ponu\u0111enih predmeta trebaju napraviti rang-listu tri najpo\u017eeljnija te popuniti\u00a0Obrazac 1 koji mo\u017eete preuzeti\u00a0<a href=\"https:\/\/www.prva.hr\/wp-content\/uploads\/2022\/06\/OBRAZAC-1-izjava-u\u010denika-2.docx\">ovdje.<\/a><\/p>\n<p>Popunjeni Obrazac 1 u\u010denici trebaju poslati na mail adresu:\u00a0<a href=\"mailto:izborni.prva@gmail.com\">izborni.prva@gmail.com<\/a>\u00a0po\u010dev\u0161i od\u00a0<strong>13. lipnja 2022. od 14.30 sati!\u00a0<\/strong>Ranije prijave ne\u0107e se uva\u017eavati.<\/p>\n<p>U\u010denici tako\u0111er trebaju popuniti\u00a0Obrazac 2 koji se mo\u017ee preuzeti\u00a0<a href=\"https:\/\/www.prva.hr\/wp-content\/uploads\/2022\/06\/OBRAZAC-2-izjava-roditelja.docx\">ovdje<\/a>. Popunjeni obrazac treba donijeti\u00a0<strong>u referadu<\/strong>\u00a0do\u00a0<strong>30. lipnja 2022..<\/strong><\/p>\n<\/div>\n<\/div>\n","protected":false},"excerpt":{"rendered":"<p>Letak s detaljnim informacijama i ponu\u0111enim izbornim predmetima za \u0161kolsku godinu 2022.\/2023. mo\u017eete pogledati\u00a0ovdje. NA\u010cIN PRIJAVE IZBORNIH PREDMETA: U\u010denici izme\u0111u ponu\u0111enih predmeta trebaju napraviti rang-listu tri najpo\u017eeljnija te popuniti\u00a0Obrazac 1 koji mo\u017eete preuzeti\u00a0ovdje. Popunjeni Obrazac 1 u\u010denici trebaju poslati na mail adresu:\u00a0izborni.prva@gmail.com\u00a0po\u010dev\u0161i od\u00a013. lipnja 2022. od 14.30 sati!\u00a0Ranije prijave ne\u0107e se uva\u017eavati. U\u010denici tako\u0111er trebaju [&hellip;]<\/p>\n","protected":false},"author":7,"featured_media":0,"comment_status":"closed","ping_status":"closed","sticky":false,"template":"","format":"standard","meta":{"_et_pb_use_builder":"","_et_pb_old_content":"","_et_gb_content_width":"","footnotes":""},"categories":[4],"tags":[],"class_list":["post-11893","post","type-post","status-publish","format-standard","hentry","category-najnovije-vijesti"],"_links":{"self":[{"href":"https:\/\/prva.hr\/index.php\/wp-json\/wp\/v2\/posts\/11893","targetHints":{"allow":["GET"]}}],"collection":[{"href":"https:\/\/prva.hr\/index.php\/wp-json\/wp\/v2\/posts"}],"about":[{"href":"https:\/\/prva.hr\/index.php\/wp-json\/wp\/v2\/types\/post"}],"author":[{"embeddable":true,"href":"https:\/\/prva.hr\/index.php\/wp-json\/wp\/v2\/users\/7"}],"replies":[{"embeddable":true,"href":"https:\/\/prva.hr\/index.php\/wp-json\/wp\/v2\/comments?post=11893"}],"version-history":[{"count":4,"href":"https:\/\/prva.hr\/index.php\/wp-json\/wp\/v2\/posts\/11893\/revisions"}],"predecessor-version":[{"id":11900,"href":"https:\/\/prva.hr\/index.php\/wp-json\/wp\/v2\/posts\/11893\/revisions\/11900"}],"wp:attachment":[{"href":"https:\/\/prva.hr\/index.php\/wp-json\/wp\/v2\/media?parent=11893"}],"wp:term":[{"taxonomy":"category","embeddable":true,"href":"https:\/\/prva.hr\/index.php\/wp-json\/wp\/v2\/categories?post=11893"},{"taxonomy":"post_tag","embeddable":true,"href":"https:\/\/prva.hr\/index.php\/wp-json\/wp\/v2\/tags?post=11893"}],"curies":[{"name":"wp","href":"https:\/\/api.w.org\/{rel}","templated":true}]}}