{"id":11955,"date":"2022-06-19T15:26:10","date_gmt":"2022-06-19T13:26:10","guid":{"rendered":"https:\/\/www.prva.hr\/?p=11955"},"modified":"2022-06-19T15:26:10","modified_gmt":"2022-06-19T13:26:10","slug":"strah-od-prosjecnosti-ili-malo-o-svima-nama","status":"publish","type":"post","link":"https:\/\/prva.hr\/index.php\/2022\/06\/19\/strah-od-prosjecnosti-ili-malo-o-svima-nama\/","title":{"rendered":"Strah od prosje\u010dnosti ili malo o svima nama"},"content":{"rendered":"<p>Oduvijek slu\u0161am kako sam stvorena za velike stvari, kako \u0107u jednoga dana osvojiti Nobela, kako moram iskoristiti svoj talent i pamet. I pogodite \u0161to. Evo, stojim ovdje, i priznajem, kao na nekoj grupnoj terapiji<em>:\u00a0 ja sam Lucija Kaurinovi\u0107 i moj najve\u0107i strah je prosje\u010dnost. <\/em><\/p>\n<p>Poprili\u010dno je paradoksalno kada ste u depresiji jer vi\u0161e nemate snage\u00a0 raditi vi\u0161e, bolje, predanije, a razlog za\u0161to ne radite vi\u0161e, bolje, predanije, \u00a0upravo je depresija. I tako u krug. Ujevi\u0107evi jablani tako\u0111er pate, ali iz njihove patnje proizlazi umjetnost, iz njihovog mraka proizlazi svjetlo za ostale. Za\u0161to iz moje patnje ne proizlazi ni\u0161ta? Mogu li se uop\u0107e smatrati iznimnim pojedincem ako moja patnja nije plodonosna, ako je samo patnja i ni\u0161ta vi\u0161e? Jesam li onda i ja nitko i ni\u0161ta vi\u0161e?<\/p>\n<p>Otkad znam za sebe, ne znam tko sam ako nisam akademski uspje\u0161na. Moj identitet se gotovo poistovjetio s mojim uspjehom i svi me na obiteljskim okupljanjima pitaju kako je u \u0161koli. Nije mi lako priznati im da spavam u zadnjoj klupi i da vi\u0161e nemam kapacitet, a ni snagu kao prije, a jo\u0161 mi je te\u017ee priznati to sebi. Nisam nikoga ubila kao Raskoljnikov, ali i moja kazna je pitanje jesam li dovoljno vrijedna. Za\u0161to nisam kao Aleksandar Veliki koji je osvajao s 18 godina ili kao Mozart koji je skladao s 8? Vi\u0161e od svega htjela bih se istaknuti, ali ne iz narcisoidnosti. Mo\u017eda iz mr\u017enje prema trenutnom sistemu ili iz mr\u017enje prema verziji sebe koja nije iskoristila svoj potencijal. Voljela bih pridonijeti boljoj budu\u0107nosti.\u00a0Vjerujem da nisam jedina koja bi voljela da se mo\u017ee prona\u0107i u <em>visokim jablanima<\/em>, a ne u glupoj <em>rulji.<\/em> Vrag mi ne da mira.<\/p>\n<p><img decoding=\"async\" class=\"wp-image-11956 aligncenter lazyload\" data-src=\"https:\/\/www.prva.hr\/wp-content\/uploads\/2022\/06\/prosje\u010dnost-225x300.jpg\" alt=\"prosje\u010dnost\" width=\"316\" height=\"422\" data-srcset=\"https:\/\/prva.hr\/wp-content\/uploads\/2022\/06\/prosje\u010dnost-225x300.jpg 225w, https:\/\/prva.hr\/wp-content\/uploads\/2022\/06\/prosje\u010dnost.jpg 736w\" data-sizes=\"(max-width: 316px) 100vw, 316px\" src=\"data:image\/svg+xml;base64,PHN2ZyB3aWR0aD0iMSIgaGVpZ2h0PSIxIiB4bWxucz0iaHR0cDovL3d3dy53My5vcmcvMjAwMC9zdmciPjwvc3ZnPg==\" style=\"--smush-placeholder-width: 316px; --smush-placeholder-aspect-ratio: 316\/422;\" \/><\/p>\n<p>Priznajem da katkad idealiziram tu ideju. O\u010dekivanja nas oblikuju, naj\u010de\u0161\u0107e krivo. Dana\u0161nje dru\u0161tvo smrt je za \u010dovjeka kao individualca jer se od svakoga o\u010dekuje da bude bolji od drugog, umjesto da \u017eivi u miru po svome. Cijeli sustav postao je jedno veliko natjecanje, ali kukavi\u010dki je uspore\u0111ivati se s drugima ako znamo da nisu svi isti i da svatko ima druga\u010dije sposobnosti i talente. Dru\u0161tvo voli uzdizati iznimne pojedince, ali ne voli uzdizati te\u017eak rad i patnju koja se iza tog nalazi. U glavu mi je oduvijek usa\u0111ena misao da bih bila sretna da uspijem, ali sad shva\u0107am da u svojem slu\u010daju, uspjeh pla\u0107am sre\u0107om. Naposljetku, \u0161anse za nagradu, jednake su \u0161ansama za tragediju.<\/p>\n<p>Ne znam za\u0161to volim izjedna\u010davati prosje\u010dnost s neuspjehom. Uspjeh je subjektivna stvar i ne smijemo ga generalizirati i kapitalizirati, davati mu isklju\u010divo osobine iznimnih pojedinaca. Nekome je uspjeh zapo\u010deti obitelj, a nekome je zavr\u0161iti doktorat. Nekome je uspjeh svaka mala svakodnevno prije\u0111ena prepreka, a netko, \u010ditaj: ja, ne\u0107e biti zadovoljan ni kada umre rade\u0107i za nedosti\u017ene ciljeve.<\/p>\n<p>Ne \u017eelim gledati s visine ljude koji rade u uredima od devet \u00a0do \u010detiri i koji vode prosje\u010dan \u017eivot. Ostali ljudi nisu tu samo da se razmno\u017eavaju i budu poslu\u0161ni i nisu nitko i ni\u0161ta zbog toga. Oni su tako\u0111er individualci poput mene i vjerujem da ne \u017eive dosadnim \u017eivotom. \u017delim vjerovati da se sre\u0107a mo\u017ee prona\u0107i u svakodnevnici. Ponekad je te\u0161ko pomiriti se s time da ne mo\u017eemo svi zavr\u0161iti u ud\u017ebeniku iz povijesti jednog dana. Tako da bih zavr\u0161ila ovu grupnu terapiju, a sljede\u0107u \u0107u zapo\u010deti bla\u017eim rije\u010dima: \u201eMa znate kakvi smo mi dupli jarci u podznaku&#8221;.<\/p>\n<p>&nbsp;<\/p>\n<p><strong>Lucija Kaurinovi\u0107, 3.b<\/strong><\/p>\n","protected":false},"excerpt":{"rendered":"<p>Oduvijek slu\u0161am kako sam stvorena za velike stvari, kako \u0107u jednoga dana osvojiti Nobela, kako moram iskoristiti svoj talent i pamet. I pogodite \u0161to. Evo, stojim ovdje, i priznajem, kao na nekoj grupnoj terapiji:\u00a0 ja sam Lucija Kaurinovi\u0107 i moj najve\u0107i strah je prosje\u010dnost. Poprili\u010dno je paradoksalno kada ste u depresiji jer vi\u0161e nemate snage\u00a0 [&hellip;]<\/p>\n","protected":false},"author":10,"featured_media":0,"comment_status":"closed","ping_status":"closed","sticky":false,"template":"","format":"standard","meta":{"_et_pb_use_builder":"","_et_pb_old_content":"","_et_gb_content_width":"","footnotes":""},"categories":[85],"tags":[],"class_list":["post-11955","post","type-post","status-publish","format-standard","hentry","category-blog"],"_links":{"self":[{"href":"https:\/\/prva.hr\/index.php\/wp-json\/wp\/v2\/posts\/11955","targetHints":{"allow":["GET"]}}],"collection":[{"href":"https:\/\/prva.hr\/index.php\/wp-json\/wp\/v2\/posts"}],"about":[{"href":"https:\/\/prva.hr\/index.php\/wp-json\/wp\/v2\/types\/post"}],"author":[{"embeddable":true,"href":"https:\/\/prva.hr\/index.php\/wp-json\/wp\/v2\/users\/10"}],"replies":[{"embeddable":true,"href":"https:\/\/prva.hr\/index.php\/wp-json\/wp\/v2\/comments?post=11955"}],"version-history":[{"count":2,"href":"https:\/\/prva.hr\/index.php\/wp-json\/wp\/v2\/posts\/11955\/revisions"}],"predecessor-version":[{"id":11958,"href":"https:\/\/prva.hr\/index.php\/wp-json\/wp\/v2\/posts\/11955\/revisions\/11958"}],"wp:attachment":[{"href":"https:\/\/prva.hr\/index.php\/wp-json\/wp\/v2\/media?parent=11955"}],"wp:term":[{"taxonomy":"category","embeddable":true,"href":"https:\/\/prva.hr\/index.php\/wp-json\/wp\/v2\/categories?post=11955"},{"taxonomy":"post_tag","embeddable":true,"href":"https:\/\/prva.hr\/index.php\/wp-json\/wp\/v2\/tags?post=11955"}],"curies":[{"name":"wp","href":"https:\/\/api.w.org\/{rel}","templated":true}]}}