{"id":1201,"date":"2017-02-21T13:30:09","date_gmt":"2017-02-21T12:30:09","guid":{"rendered":"http:\/\/www2.prva.hr\/?p=1201"},"modified":"2017-08-07T13:30:32","modified_gmt":"2017-08-07T11:30:32","slug":"obiljezavanje-dana-ruzicastih-majica","status":"publish","type":"post","link":"https:\/\/prva.hr\/index.php\/2017\/02\/21\/obiljezavanje-dana-ruzicastih-majica\/","title":{"rendered":"Obilje\u017eavanje Dana ru\u017ei\u010dastih majica"},"content":{"rendered":"<p>I. gimnazija priklju\u010dit \u0107e se 22. o\u017eujka 2017. obilje\u017eavanju Nacionalnog dana borbe protiv vr\u0161nja\u010dkog nasilja (Dana ru\u017ei\u010dastih majica). Pozivaju se svi u\u010denici da do\u0111u u ru\u017ei\u010dastim majicama kako bi pokazali da i I. gimnazija promi\u010de nenasilje u \u0161koli.<\/p>\n<p>&nbsp;<\/p>\n<p><img decoding=\"async\" data-src=\"http:\/\/www.prva.hr\/images\/pdf\/DRM-Wall-copy.png\" width=\"250\" height=\"213\" border=\"0\" src=\"data:image\/svg+xml;base64,PHN2ZyB3aWR0aD0iMSIgaGVpZ2h0PSIxIiB4bWxucz0iaHR0cDovL3d3dy53My5vcmcvMjAwMC9zdmciPjwvc3ZnPg==\" class=\"lazyload\" style=\"--smush-placeholder-width: 250px; --smush-placeholder-aspect-ratio: 250\/213;\" \/><\/p>\n","protected":false},"excerpt":{"rendered":"<p>I. gimnazija priklju\u010dit \u0107e se 22. o\u017eujka 2017. obilje\u017eavanju Nacionalnog dana borbe protiv vr\u0161nja\u010dkog nasilja (Dana ru\u017ei\u010dastih majica). Pozivaju se svi u\u010denici da do\u0111u u ru\u017ei\u010dastim majicama kako bi pokazali da i I. gimnazija promi\u010de nenasilje u \u0161koli. &nbsp;<\/p>\n","protected":false},"author":1,"featured_media":0,"comment_status":"closed","ping_status":"closed","sticky":false,"template":"","format":"standard","meta":{"_et_pb_use_builder":"","_et_pb_old_content":"","_et_gb_content_width":"","footnotes":""},"categories":[9],"tags":[],"class_list":["post-1201","post","type-post","status-publish","format-standard","hentry","category-arhiva"],"_links":{"self":[{"href":"https:\/\/prva.hr\/index.php\/wp-json\/wp\/v2\/posts\/1201","targetHints":{"allow":["GET"]}}],"collection":[{"href":"https:\/\/prva.hr\/index.php\/wp-json\/wp\/v2\/posts"}],"about":[{"href":"https:\/\/prva.hr\/index.php\/wp-json\/wp\/v2\/types\/post"}],"author":[{"embeddable":true,"href":"https:\/\/prva.hr\/index.php\/wp-json\/wp\/v2\/users\/1"}],"replies":[{"embeddable":true,"href":"https:\/\/prva.hr\/index.php\/wp-json\/wp\/v2\/comments?post=1201"}],"version-history":[{"count":1,"href":"https:\/\/prva.hr\/index.php\/wp-json\/wp\/v2\/posts\/1201\/revisions"}],"predecessor-version":[{"id":1202,"href":"https:\/\/prva.hr\/index.php\/wp-json\/wp\/v2\/posts\/1201\/revisions\/1202"}],"wp:attachment":[{"href":"https:\/\/prva.hr\/index.php\/wp-json\/wp\/v2\/media?parent=1201"}],"wp:term":[{"taxonomy":"category","embeddable":true,"href":"https:\/\/prva.hr\/index.php\/wp-json\/wp\/v2\/categories?post=1201"},{"taxonomy":"post_tag","embeddable":true,"href":"https:\/\/prva.hr\/index.php\/wp-json\/wp\/v2\/tags?post=1201"}],"curies":[{"name":"wp","href":"https:\/\/api.w.org\/{rel}","templated":true}]}}