{"id":12080,"date":"2022-07-28T09:00:05","date_gmt":"2022-07-28T07:00:05","guid":{"rendered":"https:\/\/www.prva.hr\/?p=12080"},"modified":"2022-07-28T09:00:05","modified_gmt":"2022-07-28T07:00:05","slug":"bus-2021-2022","status":"publish","type":"post","link":"https:\/\/prva.hr\/index.php\/2022\/07\/28\/bus-2021-2022\/","title":{"rendered":"BU\u0160 2021.\/2022."},"content":{"rendered":"<p>Na kraju jo\u0161 jedne godine mo\u017eemo re\u0107i da je projekt Biciklom u \u0161kolu jedan od brendova Prve gimnazije i da BU\u0160 doprinosi prepoznatljivosti na\u0161e \u0161kole.<\/p>\n<p>Ono \u0161to je najva\u017enije \u2013 i na\u0161i u\u010denici cijene vrijednost projekta i u velikom broju se u njega uklju\u010duju. Na\u0161 biciklisti\u010dki parking je prepun, a biciklom se vozimo kroz cijelu godinu.<\/p>\n<p>Osim klasi\u010dnog jesenskog i proljetnog dijela projekta u velja\u010di smo imali i Dan zimskog bicikliranja u \u0161kolu. Svi koji su i toga hladnog zimskog dana do\u0161li biciklom dobili su zdravi doru\u010dak, a svi ostali primjer kako se i zimi mo\u017ee biciklirati.<\/p>\n<p>Najuspje\u0161niji u projektu ove godine bio je maturant Patrik Landeka. Treba spomenuti da je Patrik bio vrijedan sudionik BU\u0160a svih godina te je sasvim zaslu\u017eeno na kraju svog \u0161kolovanja u Prvoj osvojio novi bicikl.<\/p>\n<p>Nagra\u0111eno je jo\u0161 15 najvrijednijih sudionika u projektu.<\/p>\n<p>Bravo za sve! Posebne \u010destitke Patriku za koga smo sigurni da \u0107e se na svom novom biciklu voziti na faks i promicati vrijednosti na\u0161eg projekta i dalje!<\/p>\n<p>Meri Matu\u0161an, prof.<\/p>\n","protected":false},"excerpt":{"rendered":"<p>Na kraju jo\u0161 jedne godine mo\u017eemo re\u0107i da je projekt Biciklom u \u0161kolu jedan od brendova Prve gimnazije i da BU\u0160 doprinosi prepoznatljivosti na\u0161e \u0161kole. Ono \u0161to je najva\u017enije \u2013 i na\u0161i u\u010denici cijene vrijednost projekta i u velikom broju se u njega uklju\u010duju. Na\u0161 biciklisti\u010dki parking je prepun, a biciklom se vozimo kroz cijelu [&hellip;]<\/p>\n","protected":false},"author":7,"featured_media":12081,"comment_status":"closed","ping_status":"closed","sticky":false,"template":"","format":"standard","meta":{"_et_pb_use_builder":"","_et_pb_old_content":"","_et_gb_content_width":"","footnotes":""},"categories":[64],"tags":[],"class_list":["post-12080","post","type-post","status-publish","format-standard","has-post-thumbnail","hentry","category-aktivnosti-projekti-bus"],"_links":{"self":[{"href":"https:\/\/prva.hr\/index.php\/wp-json\/wp\/v2\/posts\/12080","targetHints":{"allow":["GET"]}}],"collection":[{"href":"https:\/\/prva.hr\/index.php\/wp-json\/wp\/v2\/posts"}],"about":[{"href":"https:\/\/prva.hr\/index.php\/wp-json\/wp\/v2\/types\/post"}],"author":[{"embeddable":true,"href":"https:\/\/prva.hr\/index.php\/wp-json\/wp\/v2\/users\/7"}],"replies":[{"embeddable":true,"href":"https:\/\/prva.hr\/index.php\/wp-json\/wp\/v2\/comments?post=12080"}],"version-history":[{"count":1,"href":"https:\/\/prva.hr\/index.php\/wp-json\/wp\/v2\/posts\/12080\/revisions"}],"predecessor-version":[{"id":12082,"href":"https:\/\/prva.hr\/index.php\/wp-json\/wp\/v2\/posts\/12080\/revisions\/12082"}],"wp:featuredmedia":[{"embeddable":true,"href":"https:\/\/prva.hr\/index.php\/wp-json\/wp\/v2\/media\/12081"}],"wp:attachment":[{"href":"https:\/\/prva.hr\/index.php\/wp-json\/wp\/v2\/media?parent=12080"}],"wp:term":[{"taxonomy":"category","embeddable":true,"href":"https:\/\/prva.hr\/index.php\/wp-json\/wp\/v2\/categories?post=12080"},{"taxonomy":"post_tag","embeddable":true,"href":"https:\/\/prva.hr\/index.php\/wp-json\/wp\/v2\/tags?post=12080"}],"curies":[{"name":"wp","href":"https:\/\/api.w.org\/{rel}","templated":true}]}}