{"id":12095,"date":"2022-08-23T09:11:23","date_gmt":"2022-08-23T07:11:23","guid":{"rendered":"https:\/\/www.prva.hr\/?p=12095"},"modified":"2022-08-23T09:11:23","modified_gmt":"2022-08-23T07:11:23","slug":"podjela-udzbenika-za-ucenike-i-ucenice-prvih-razreda-vazno-2","status":"publish","type":"post","link":"https:\/\/prva.hr\/index.php\/2022\/08\/23\/podjela-udzbenika-za-ucenike-i-ucenice-prvih-razreda-vazno-2\/","title":{"rendered":"Podjela ud\u017ebenika za u\u010denike i u\u010denice prvih razreda \u2013 VA\u017dNO!"},"content":{"rendered":"<p>Dragi roditelji\/skrbnici,<br \/>\ndragi u\u010denici, drage u\u010denice prvih razreda,<\/p>\n<p>od utorka, 30. kolovoza do 2. rujna od 10 \u2013 12 sati mo\u017eete podi\u0107i svoj komplet ud\u017ebenika.<\/p>\n<p>Preuzimanje \u0107e biti u staklenoj prostoriji u prizemlju \u0161kole.<br \/>\nPonesite bilo kakav dokument sa fotografijom.<br \/>\nAko imate kakvih pitanja, slobodno pi\u0161ite na mail: knjiznica.prve@gmail.com<\/p>\n","protected":false},"excerpt":{"rendered":"<p>Dragi roditelji\/skrbnici, dragi u\u010denici, drage u\u010denice prvih razreda, od utorka, 30. kolovoza do 2. rujna od 10 \u2013 12 sati mo\u017eete podi\u0107i svoj komplet ud\u017ebenika. Preuzimanje \u0107e biti u staklenoj prostoriji u prizemlju \u0161kole. Ponesite bilo kakav dokument sa fotografijom. Ako imate kakvih pitanja, slobodno pi\u0161ite na mail: knjiznica.prve@gmail.com<\/p>\n","protected":false},"author":9,"featured_media":0,"comment_status":"closed","ping_status":"closed","sticky":false,"template":"","format":"standard","meta":{"_et_pb_use_builder":"","_et_pb_old_content":"","_et_gb_content_width":"","footnotes":""},"categories":[6,9,4],"tags":[],"class_list":["post-12095","post","type-post","status-publish","format-standard","hentry","category-aktualna-dogadanja","category-arhiva","category-najnovije-vijesti"],"_links":{"self":[{"href":"https:\/\/prva.hr\/index.php\/wp-json\/wp\/v2\/posts\/12095","targetHints":{"allow":["GET"]}}],"collection":[{"href":"https:\/\/prva.hr\/index.php\/wp-json\/wp\/v2\/posts"}],"about":[{"href":"https:\/\/prva.hr\/index.php\/wp-json\/wp\/v2\/types\/post"}],"author":[{"embeddable":true,"href":"https:\/\/prva.hr\/index.php\/wp-json\/wp\/v2\/users\/9"}],"replies":[{"embeddable":true,"href":"https:\/\/prva.hr\/index.php\/wp-json\/wp\/v2\/comments?post=12095"}],"version-history":[{"count":1,"href":"https:\/\/prva.hr\/index.php\/wp-json\/wp\/v2\/posts\/12095\/revisions"}],"predecessor-version":[{"id":12096,"href":"https:\/\/prva.hr\/index.php\/wp-json\/wp\/v2\/posts\/12095\/revisions\/12096"}],"wp:attachment":[{"href":"https:\/\/prva.hr\/index.php\/wp-json\/wp\/v2\/media?parent=12095"}],"wp:term":[{"taxonomy":"category","embeddable":true,"href":"https:\/\/prva.hr\/index.php\/wp-json\/wp\/v2\/categories?post=12095"},{"taxonomy":"post_tag","embeddable":true,"href":"https:\/\/prva.hr\/index.php\/wp-json\/wp\/v2\/tags?post=12095"}],"curies":[{"name":"wp","href":"https:\/\/api.w.org\/{rel}","templated":true}]}}