{"id":12117,"date":"2022-08-31T13:42:57","date_gmt":"2022-08-31T11:42:57","guid":{"rendered":"https:\/\/www.prva.hr\/?p=12117"},"modified":"2022-08-31T13:59:47","modified_gmt":"2022-08-31T11:59:47","slug":"dvije-nove-stipendistice-zaklade-akica","status":"publish","type":"post","link":"https:\/\/prva.hr\/index.php\/2022\/08\/31\/dvije-nove-stipendistice-zaklade-akica\/","title":{"rendered":"Dvije nove stipendistice Zaklade I. gimnazije Akica"},"content":{"rendered":"<p>U utorak 30. kolovoza 2022. Upravni odbor\u00a0<strong>Zaklade I. gimnazije Akica,<\/strong>\u00a0temeljem odr\u017eanog natje\u010daja i uspje\u0161nog motivacijskog razgovora, donio je odluku o dodijeli <strong>2.\u00a0nov\u010dane potpore u obrazovne svrhe.<\/strong><\/p>\n<p>U vrijednosti\u00a0<strong>18.000 kuna<\/strong>\u00a0dodjeljuje se nov\u010dana potpora za nastavak \u0161kolovanja maturantici 4.e razreda I . gimnazije\u00a0<strong>Ingi Ru\u0161anac <\/strong>i\u00a0 nov\u010dana potpora u vrijednosti <strong>9.000 kuna<\/strong> maturantici 4.d razreda<strong> Mariji Ov\u010dar.<\/strong><\/p>\n<p>I. gimnazija je jedna od rijetkih \u0161kola koje imaju svoju zakladu.\u00a0 Zaklada I. gimnazije Akica za pru\u017eanje nov\u010dane potpore nastavku \u0161kolovanja u\u010denika na po\u010detku studija, osnovana je 2020. zahvaljuju\u0107i velikodu\u0161nosti i nov\u010danoj donaciji gospo\u0111e Ivanke Canki. Vi\u0161e na:<a href=\"https:\/\/www.prva.hr\/index.php\/2020\/12\/03\/zaklada-akica-u-medijima\/\">https:\/\/www.prva.hr\/index.php\/2020\/12\/03<\/a><a href=\"https:\/\/www.prva.hr\/index.php\/2020\/12\/03\/zaklada-akica-u-medijima\/\">\/zaklada-akica-u-medijima\/<\/a><\/p>\n<p>Potaknut nesebi\u010dnom gestom g\u0111e Ivane Canki,\u00a0 \u00a0tijekom \u0161k. godine 2021.-22. nov\u010danu donaciju Zakladi I. gimnazije Akica, donirao je i gosp. Vjekoslav \u0160ubi\u0107. Vi\u0161e na: <a href=\"https:\/\/www.prva.hr\/index.php\/2022\/05\/18\/novi-donator-zaklade-i-gimnazije-akica\/\">https:\/\/www.prva.hr\/index.php\/2022\/05\/18\/novi-donator-zaklade-i-gimnazije-akica\/<\/a><\/p>\n<p>Na ovogodi\u0161nji natje\u010daj, prijavilo se \u0161est odli\u010dnih kandidata\/inja, zahvaljujemo na prijavama i svima \u017eelimo puno uspjeha u daljnjem obrazovanju.<\/p>\n<p style=\"text-align: left;\">Stipendistica Inga Ru\u0161anac bila je odli\u010dna u\u010denica\u00a0 I. gimnazije i uspje\u0161na atleti\u010darka. S ekipom je ove godine osvojila naslov dr\u017eavnih prvakinja iz atletike. Upisala je \u017eeljeni studij ra\u010dunarstva na Tehni\u010dkom veleu\u010dili\u0161tu u Zagrebu.<\/p>\n<p><img decoding=\"async\" class=\"wp-image-12122 aligncenter lazyload\" data-src=\"https:\/\/www.prva.hr\/wp-content\/uploads\/2022\/08\/inga-foto-254x300.jpg\" alt=\"\" width=\"241\" height=\"285\" data-srcset=\"https:\/\/prva.hr\/wp-content\/uploads\/2022\/08\/inga-foto-254x300.jpg 254w, https:\/\/prva.hr\/wp-content\/uploads\/2022\/08\/inga-foto-768x907.jpg 768w, https:\/\/prva.hr\/wp-content\/uploads\/2022\/08\/inga-foto-867x1024.jpg 867w\" data-sizes=\"(max-width: 241px) 100vw, 241px\" src=\"data:image\/svg+xml;base64,PHN2ZyB3aWR0aD0iMSIgaGVpZ2h0PSIxIiB4bWxucz0iaHR0cDovL3d3dy53My5vcmcvMjAwMC9zdmciPjwvc3ZnPg==\" style=\"--smush-placeholder-width: 241px; --smush-placeholder-aspect-ratio: 241\/285;\" \/><\/p>\n<p>Stipendistica Marija Ov\u010dar je, usprkos zahtjevnim \u017eivotnim okolnostima, upisala \u017eeljeni Fakultet kemijskog in\u017einjerstva i tehnologije u Zagrebu i uspjela zadr\u017eati \u017eivotnu vedrinu.<\/p>\n<p>&nbsp;<\/p>\n<p><img decoding=\"async\" class=\"wp-image-12133 aligncenter lazyload\" data-src=\"https:\/\/www.prva.hr\/wp-content\/uploads\/2022\/08\/ov\u010dar-smile-300x228.jpg\" alt=\"\" width=\"317\" height=\"241\" data-srcset=\"https:\/\/prva.hr\/wp-content\/uploads\/2022\/08\/ov\u010dar-smile-300x228.jpg 300w, https:\/\/prva.hr\/wp-content\/uploads\/2022\/08\/ov\u010dar-smile-768x584.jpg 768w, https:\/\/prva.hr\/wp-content\/uploads\/2022\/08\/ov\u010dar-smile-1024x778.jpg 1024w, https:\/\/prva.hr\/wp-content\/uploads\/2022\/08\/ov\u010dar-smile-395x300.jpg 395w\" data-sizes=\"(max-width: 317px) 100vw, 317px\" src=\"data:image\/svg+xml;base64,PHN2ZyB3aWR0aD0iMSIgaGVpZ2h0PSIxIiB4bWxucz0iaHR0cDovL3d3dy53My5vcmcvMjAwMC9zdmciPjwvc3ZnPg==\" style=\"--smush-placeholder-width: 317px; --smush-placeholder-aspect-ratio: 317\/241;\" \/><\/p>\n<p>&nbsp;<\/p>\n<p>Iskrene \u010destitke Ingi i Mariji, \u017eelimo im puno sre\u0107e u \u017eivotu i daljnjem obrazovanju!<\/p>\n<p>&nbsp;<\/p>\n","protected":false},"excerpt":{"rendered":"<p>U utorak 30. kolovoza 2022. Upravni odbor\u00a0Zaklade I. gimnazije Akica,\u00a0temeljem odr\u017eanog natje\u010daja i uspje\u0161nog motivacijskog razgovora, donio je odluku o dodijeli 2.\u00a0nov\u010dane potpore u obrazovne svrhe. U vrijednosti\u00a018.000 kuna\u00a0dodjeljuje se nov\u010dana potpora za nastavak \u0161kolovanja maturantici 4.e razreda I . gimnazije\u00a0Ingi Ru\u0161anac i\u00a0 nov\u010dana potpora u vrijednosti 9.000 kuna maturantici 4.d razreda Mariji Ov\u010dar. I. [&hellip;]<\/p>\n","protected":false},"author":6,"featured_media":12120,"comment_status":"closed","ping_status":"closed","sticky":false,"template":"","format":"standard","meta":{"_et_pb_use_builder":"","_et_pb_old_content":"","_et_gb_content_width":"","footnotes":""},"categories":[4,79],"tags":[],"class_list":["post-12117","post","type-post","status-publish","format-standard","has-post-thumbnail","hentry","category-najnovije-vijesti","category-zaklada"],"_links":{"self":[{"href":"https:\/\/prva.hr\/index.php\/wp-json\/wp\/v2\/posts\/12117","targetHints":{"allow":["GET"]}}],"collection":[{"href":"https:\/\/prva.hr\/index.php\/wp-json\/wp\/v2\/posts"}],"about":[{"href":"https:\/\/prva.hr\/index.php\/wp-json\/wp\/v2\/types\/post"}],"author":[{"embeddable":true,"href":"https:\/\/prva.hr\/index.php\/wp-json\/wp\/v2\/users\/6"}],"replies":[{"embeddable":true,"href":"https:\/\/prva.hr\/index.php\/wp-json\/wp\/v2\/comments?post=12117"}],"version-history":[{"count":13,"href":"https:\/\/prva.hr\/index.php\/wp-json\/wp\/v2\/posts\/12117\/revisions"}],"predecessor-version":[{"id":12135,"href":"https:\/\/prva.hr\/index.php\/wp-json\/wp\/v2\/posts\/12117\/revisions\/12135"}],"wp:featuredmedia":[{"embeddable":true,"href":"https:\/\/prva.hr\/index.php\/wp-json\/wp\/v2\/media\/12120"}],"wp:attachment":[{"href":"https:\/\/prva.hr\/index.php\/wp-json\/wp\/v2\/media?parent=12117"}],"wp:term":[{"taxonomy":"category","embeddable":true,"href":"https:\/\/prva.hr\/index.php\/wp-json\/wp\/v2\/categories?post=12117"},{"taxonomy":"post_tag","embeddable":true,"href":"https:\/\/prva.hr\/index.php\/wp-json\/wp\/v2\/tags?post=12117"}],"curies":[{"name":"wp","href":"https:\/\/api.w.org\/{rel}","templated":true}]}}