{"id":12138,"date":"2022-09-08T13:24:20","date_gmt":"2022-09-08T11:24:20","guid":{"rendered":"https:\/\/www.prva.hr\/?p=12138"},"modified":"2022-09-08T14:35:46","modified_gmt":"2022-09-08T12:35:46","slug":"fakultativna-nastava-sk-god-2022-2023","status":"publish","type":"post","link":"https:\/\/prva.hr\/index.php\/2022\/09\/08\/fakultativna-nastava-sk-god-2022-2023\/","title":{"rendered":"Fakultativna nastava \u0161k. god. 2022.\/2023."},"content":{"rendered":"<p>U\u010denici mogu odabrati jedan ili vi\u0161e \u017eeljenih fakultativnih predmeta paze\u0107i da se termini odr\u017eavanja nastave ne poklapaju. Ukoliko u\u010denik ne \u017eeli upisati fakultativne predmete, ne treba jer oni nisu obavezni predmeti.<\/p>\n<p>U\u010denici se prijavljuju upisuju\u0107i svoje podatke (ime, prezime i razred) u tablicu na sljede\u0107oj poveznici &#8211;\u00a0<b><a title=\"Shortened URL for https:\/\/docs.google.com\/spreadsheets\/d\/1pz9qViSxjqQp7GrQs_WiLBk2cqYcv-z04itHZrhlVq4\/edit#gid=0\" href=\"https:\/\/bit.ly\/3CKTGXh\" target=\"_blank\" rel=\"noopener\" data-saferedirecturl=\"https:\/\/www.google.com\/url?q=https:\/\/bit.ly\/3CKTGXh&amp;source=gmail&amp;ust=1662117101969000&amp;usg=AOvVaw3B6Ic8E8h3rmIrcDcgYZfo\"><span style=\"color: #38761d;\">https:\/\/bit.ly\/3CKTGXh<\/span><\/a><\/b><\/p>\n<p class=\"gmail_default\"><strong>Prijave su otvorene do 8.9.2022. do 21 h. <\/strong><\/p>\n<p class=\"gmail_default\">Kod predmeta koji nemaju upisan termin zna\u010di da \u0107e se oni odrediti u dogovoru s u\u010denicima.<\/p>\n","protected":false},"excerpt":{"rendered":"<p>U\u010denici mogu odabrati jedan ili vi\u0161e \u017eeljenih fakultativnih predmeta paze\u0107i da se termini odr\u017eavanja nastave ne poklapaju. Ukoliko u\u010denik ne \u017eeli upisati fakultativne predmete, ne treba jer oni nisu obavezni predmeti. U\u010denici se prijavljuju upisuju\u0107i svoje podatke (ime, prezime i razred) u tablicu na sljede\u0107oj poveznici &#8211;\u00a0https:\/\/bit.ly\/3CKTGXh Prijave su otvorene do 8.9.2022. do 21 h. [&hellip;]<\/p>\n","protected":false},"author":7,"featured_media":0,"comment_status":"closed","ping_status":"closed","sticky":false,"template":"","format":"standard","meta":{"_et_pb_use_builder":"","_et_pb_old_content":"","_et_gb_content_width":"","footnotes":""},"categories":[6,4,39],"tags":[],"class_list":["post-12138","post","type-post","status-publish","format-standard","hentry","category-aktualna-dogadanja","category-najnovije-vijesti","category-nastava-fakultativna-nastava"],"_links":{"self":[{"href":"https:\/\/prva.hr\/index.php\/wp-json\/wp\/v2\/posts\/12138","targetHints":{"allow":["GET"]}}],"collection":[{"href":"https:\/\/prva.hr\/index.php\/wp-json\/wp\/v2\/posts"}],"about":[{"href":"https:\/\/prva.hr\/index.php\/wp-json\/wp\/v2\/types\/post"}],"author":[{"embeddable":true,"href":"https:\/\/prva.hr\/index.php\/wp-json\/wp\/v2\/users\/7"}],"replies":[{"embeddable":true,"href":"https:\/\/prva.hr\/index.php\/wp-json\/wp\/v2\/comments?post=12138"}],"version-history":[{"count":2,"href":"https:\/\/prva.hr\/index.php\/wp-json\/wp\/v2\/posts\/12138\/revisions"}],"predecessor-version":[{"id":12220,"href":"https:\/\/prva.hr\/index.php\/wp-json\/wp\/v2\/posts\/12138\/revisions\/12220"}],"wp:attachment":[{"href":"https:\/\/prva.hr\/index.php\/wp-json\/wp\/v2\/media?parent=12138"}],"wp:term":[{"taxonomy":"category","embeddable":true,"href":"https:\/\/prva.hr\/index.php\/wp-json\/wp\/v2\/categories?post=12138"},{"taxonomy":"post_tag","embeddable":true,"href":"https:\/\/prva.hr\/index.php\/wp-json\/wp\/v2\/tags?post=12138"}],"curies":[{"name":"wp","href":"https:\/\/api.w.org\/{rel}","templated":true}]}}