{"id":12144,"date":"2022-09-02T11:46:18","date_gmt":"2022-09-02T09:46:18","guid":{"rendered":"https:\/\/www.prva.hr\/?p=12144"},"modified":"2022-12-02T11:28:40","modified_gmt":"2022-12-02T10:28:40","slug":"obrasci-i-upute-za-izdavanje-srednjoskolskih-pretplatnih-karata-i-sufinanciranje-medumjesnog-javnog-prijevoza-skolska-godina-2022-2023","status":"publish","type":"post","link":"https:\/\/prva.hr\/index.php\/2022\/09\/02\/obrasci-i-upute-za-izdavanje-srednjoskolskih-pretplatnih-karata-i-sufinanciranje-medumjesnog-javnog-prijevoza-skolska-godina-2022-2023\/","title":{"rendered":"Obrasci i upute za izdavanje srednjo\u0161kolskih pretplatnih karata i sufinanciranje me\u0111umjesnog javnog prijevoza &#8211; \u0161kolska godina 2022.\/2023."},"content":{"rendered":"<p><a href=\"https:\/\/www.prva.hr\/wp-content\/uploads\/2022\/09\/145-6-Odluka-o-kriterijima-i-na\u010dinu-financiranja-tro\u0161kova-javnog-prijevoza-redovitih-u\u010denika.docx\">Odluke o kriterijima i na\u010dinu financiranja tro\u0161kova javnog prijevoza redovitih u\u010denika srednjih \u0161kola za \u0161kolsku godinu 2022.\/2023.<\/a><\/p>\n<p><a href=\"https:\/\/www.prva.hr\/wp-content\/uploads\/2022\/09\/ODLUKA-VLADE-2022-2023-PRIJEVOZ-U\u010cENIKA.pdf\">Oduka Vlade o kriterijima i na\u010dinu financiranja tro\u0161kova javnog prijevoza redovitih u\u010denika srednjih \u0161kola za \u0161kolsku godinu 2022.\/2023.<\/a><\/p>\n<p><a href=\"https:\/\/www.prva.hr\/wp-content\/uploads\/2022\/09\/POTVRDA-75-sufinanciranje-me\u0111umjesnoga-javnog-prijevoza-u\u010denika-s\u0161.xlsx\">Potvrda za 75% sufinanciranje me\u0111umjesnog javnog prijevoza u\u010denika srednjih \u0161kola<\/a><\/p>\n<p><a href=\"https:\/\/www.prva.hr\/wp-content\/uploads\/2022\/09\/POTVRDA-100-sufinanciranje-me\u0111umjesnoga-javnog-prijevoza-u\u010denika-s\u0161.xlsx\">Potvrda za 100% sufinanciranje me\u0111umjesnog javnog prijevoza u\u010denika srednjih \u0161kola<\/a><\/p>\n<p><a href=\"https:\/\/mail-attachment.googleusercontent.com\/attachment\/u\/2\/?ui=2&amp;ik=45505fbbde&amp;attid=0.1&amp;permmsgid=msg-f:1742846562027708279&amp;th=182fd5b6d3ac1f77&amp;view=att&amp;disp=inline&amp;realattid=f_l7k84oz22&amp;ser=1&amp;saddbat=ANGjdJ_O86ci0lxeI8hrB08sCLJ5Da6iC7oSclTyMLOW-R_YNMr7FIZwjtaj3x8aRs-zG0Enzg_EaPpxCCMfJmtcIGF0Qw2jx8TO1XrAv5-7ieBnktTqiWfZUCltjIoyWOb4qjRsVC94VtVb_rI9JJj6kfwSSG6KpHO4tpoVmYCoYxHuwe5nmwKbzJxnx0aAmvN2PMnOENAtSZFMXlnRU9FJQwjtFppyiZgovo9N9ISnYT9YEF_rpeJRPSi7S-IU6oO4pUQ80yznxG3ITt3LdN3mzeyRWB0--JEaiI3uFfkA4U4q6pfG-fH1k7UVu_3FGB_aV4wJkash8YON-o4OASA9qS-ZCbIlyuQGRB2EXYxenlhXKSeASv7EAMEEVjaRy2qdGbhGh1mvf1hHAnV_9srSmAOacguU1jiM2Z5z2EVvE8xcAaH2b4IFaVRX-G9qtINKdHVXFhwE-EKrLgCQ6cFVxDpebkwisOQmSuFqb3lZTT3huIVw9IB5KNpdnrnFVXgOjifoYPLFhwc5snoPpTt1emBaJdoCf8lTrR8HCIP1EHnLcyhtr5CqAOhtOjBArEZRGlrst2ldePod1gQ1vkXqH4MAz5HA8u0oogLEHq2lljKL6PLibdZOCOgLyilnhQMMrrreJKoHudjFuttBnBFd4sWGBhR-IVXn7mGXzT1-S-c69uNtKpJ2VGLdTBF9_G-l5NbkMiLThK8zjwfFDIUJYG2_25g9ujid1yqwnffVJjf8C67beCRmkifKtZCVht1KUqfvh_zuE_t0t3J9x2pEo_8OXtAd0YpQNtgqdAD8lQ1nLoDa_mDLSqtQzbeifUyxAtNu9NTB3XnH9wmXm0DzxA_GBHe9tYw63U4ElvxSuKD2Wji9mkwd8l9-5lyyeftmubZccQaUdIE682hvea6oDG8_X0SZmWj_RGAh5JTYenhUgxy_bd8ymMMxaJA\">Popis naselja koja imaju pravo na sufinanciranje prijevoza<\/a><\/p>\n<p><strong>Ispunjene i potpisane obrasce (od strane roditelja ili skrbnika) u\u010denici trebaju dostaviti u u\u010deni\u010dku referadu radi ovjere.\u00a0<\/strong><\/p>\n<div>Rok za dostavu\u00a0<b>POTVRDA 75%\/100%<\/b>\u00a0za ostvarivanje prava na sufinanciranje prijevoza je <span style=\"color: #0000ff;\"><b><u>23. rujna 2022.<\/u><\/b><\/span><\/div>\n","protected":false},"excerpt":{"rendered":"<p>Odluke o kriterijima i na\u010dinu financiranja tro\u0161kova javnog prijevoza redovitih u\u010denika srednjih \u0161kola za \u0161kolsku godinu 2022.\/2023. Oduka Vlade o kriterijima i na\u010dinu financiranja tro\u0161kova javnog prijevoza redovitih u\u010denika srednjih \u0161kola za \u0161kolsku godinu 2022.\/2023. Potvrda za 75% sufinanciranje me\u0111umjesnog javnog prijevoza u\u010denika srednjih \u0161kola Potvrda za 100% sufinanciranje me\u0111umjesnog javnog prijevoza u\u010denika srednjih \u0161kola [&hellip;]<\/p>\n","protected":false},"author":7,"featured_media":0,"comment_status":"closed","ping_status":"closed","sticky":false,"template":"","format":"standard","meta":{"_et_pb_use_builder":"","_et_pb_old_content":"","_et_gb_content_width":"","footnotes":""},"categories":[6,4,108],"tags":[],"class_list":["post-12144","post","type-post","status-publish","format-standard","hentry","category-aktualna-dogadanja","category-najnovije-vijesti","category-prijevoz"],"_links":{"self":[{"href":"https:\/\/prva.hr\/index.php\/wp-json\/wp\/v2\/posts\/12144","targetHints":{"allow":["GET"]}}],"collection":[{"href":"https:\/\/prva.hr\/index.php\/wp-json\/wp\/v2\/posts"}],"about":[{"href":"https:\/\/prva.hr\/index.php\/wp-json\/wp\/v2\/types\/post"}],"author":[{"embeddable":true,"href":"https:\/\/prva.hr\/index.php\/wp-json\/wp\/v2\/users\/7"}],"replies":[{"embeddable":true,"href":"https:\/\/prva.hr\/index.php\/wp-json\/wp\/v2\/comments?post=12144"}],"version-history":[{"count":1,"href":"https:\/\/prva.hr\/index.php\/wp-json\/wp\/v2\/posts\/12144\/revisions"}],"predecessor-version":[{"id":12151,"href":"https:\/\/prva.hr\/index.php\/wp-json\/wp\/v2\/posts\/12144\/revisions\/12151"}],"wp:attachment":[{"href":"https:\/\/prva.hr\/index.php\/wp-json\/wp\/v2\/media?parent=12144"}],"wp:term":[{"taxonomy":"category","embeddable":true,"href":"https:\/\/prva.hr\/index.php\/wp-json\/wp\/v2\/categories?post=12144"},{"taxonomy":"post_tag","embeddable":true,"href":"https:\/\/prva.hr\/index.php\/wp-json\/wp\/v2\/tags?post=12144"}],"curies":[{"name":"wp","href":"https:\/\/api.w.org\/{rel}","templated":true}]}}