{"id":12153,"date":"2022-09-04T08:35:35","date_gmt":"2022-09-04T06:35:35","guid":{"rendered":"https:\/\/www.prva.hr\/?p=12153"},"modified":"2022-09-04T19:16:23","modified_gmt":"2022-09-04T17:16:23","slug":"podjela-udzbenika-stranih-jezika-i-radnih-biljeznica","status":"publish","type":"post","link":"https:\/\/prva.hr\/index.php\/2022\/09\/04\/podjela-udzbenika-stranih-jezika-i-radnih-biljeznica\/","title":{"rendered":"Podjela ud\u017ebenika stranih jezika i radnih bilje\u017enica"},"content":{"rendered":"<p><span style=\"color: #000000;\">Dragi u\u010denici, drage u\u010denice,<\/span><\/p>\n<p>&nbsp;<\/p>\n<p><span style=\"color: #000000;\">Podjela ud\u017ebenika i radnih bilje\u017enica za <strong><span style=\"text-decoration: underline;\"><span style=\"color: #ff0000; text-decoration: underline;\">novoupisane u\u010denike<\/span><\/span><\/strong> koji nisu preuzeli komplet \u0107e biti u <strong>ponedjeljak, 5.9<\/strong>. u\u00a0<strong>9 sati<\/strong> u<strong> staklenoj prostoriji<\/strong> koja se nalazi u prizemlju.<\/span><\/p>\n<p><span style=\"color: #000000;\">Podjela ud\u017ebenika stranih jezika i radnih bilje\u017enica za sve ostale u\u010denike \u0107e biti prema sljede\u0107em rasporedu:<\/span><\/p>\n<table width=\"100%\" cellspacing=\"0\" cellpadding=\"4\">\n<colgroup>\n<col width=\"64*\" \/>\n<col width=\"64*\" \/>\n<col width=\"64*\" \/>\n<col width=\"64*\" \/> <\/colgroup>\n<tbody>\n<tr valign=\"top\">\n<td bgcolor=\"#ffff00\" width=\"25%\">\n<p align=\"center\"><span style=\"color: #000000;\">Dan<\/span><\/p>\n<\/td>\n<td bgcolor=\"#ffff00\" width=\"25%\">\n<p align=\"center\"><span style=\"color: #000000;\">Mjesto<\/span><\/p>\n<\/td>\n<td bgcolor=\"#ffff00\" width=\"25%\">\n<p align=\"center\"><span style=\"color: #000000;\">Vrijeme<\/span><\/p>\n<\/td>\n<td bgcolor=\"#ffff00\" width=\"25%\">\n<p align=\"center\"><span style=\"color: #000000;\">Razred<\/span><\/p>\n<\/td>\n<\/tr>\n<tr>\n<td colspan=\"4\" valign=\"top\" width=\"100%\"><\/td>\n<\/tr>\n<tr valign=\"top\">\n<td width=\"25%\">\n<p align=\"center\"><span style=\"color: #000000;\">Ponedjeljak, 5.9.2022.<\/span><\/p>\n<\/td>\n<td width=\"25%\">\n<p align=\"center\"><span style=\"color: #000000;\">Vanjska u\u010dionica<\/span><\/p>\n<\/td>\n<td width=\"25%\">\n<p align=\"center\"><span style=\"color: #000000;\">9:15<\/span><\/p>\n<\/td>\n<td width=\"25%\">\n<p align=\"center\"><span style=\"color: #000000;\">4. razredi<\/span><\/p>\n<\/td>\n<\/tr>\n<tr>\n<td colspan=\"4\" valign=\"top\" width=\"100%\"><\/td>\n<\/tr>\n<tr valign=\"top\">\n<td width=\"25%\">\n<p align=\"center\"><span style=\"color: #000000;\">Utorak, 6.9.2022.<\/span><\/p>\n<\/td>\n<td width=\"25%\">\n<p align=\"center\"><span style=\"color: #000000;\">Vanjska u\u010dionica<\/span><\/p>\n<\/td>\n<td width=\"25%\">\n<p align=\"center\"><span style=\"color: #000000;\">Veliki odmor<\/span><\/p>\n<\/td>\n<td width=\"25%\">\n<p align=\"center\"><span style=\"color: #000000;\">3. razredi<\/span><\/p>\n<\/td>\n<\/tr>\n<tr>\n<td colspan=\"4\" valign=\"top\" width=\"100%\"><\/td>\n<\/tr>\n<tr valign=\"top\">\n<td width=\"25%\">\n<p align=\"center\"><span style=\"color: #000000;\">Srijeda, 7.9.2022.<\/span><\/p>\n<\/td>\n<td width=\"25%\">\n<p align=\"center\"><span style=\"color: #000000;\">Vanjska u\u010dionica<\/span><\/p>\n<\/td>\n<td width=\"25%\">\n<p align=\"center\"><span style=\"color: #000000;\">Veliki odmor<\/span><\/p>\n<\/td>\n<td width=\"25%\">\n<p align=\"center\"><span style=\"color: #000000;\">1. i 2. razredi<\/span><\/p>\n<\/td>\n<\/tr>\n<\/tbody>\n<\/table>\n<p>&nbsp;<\/p>\n<p>&nbsp;<\/p>\n","protected":false},"excerpt":{"rendered":"<p>Dragi u\u010denici, drage u\u010denice, &nbsp; Podjela ud\u017ebenika i radnih bilje\u017enica za novoupisane u\u010denike koji nisu preuzeli komplet \u0107e biti u ponedjeljak, 5.9. u\u00a09 sati u staklenoj prostoriji koja se nalazi u prizemlju. Podjela ud\u017ebenika stranih jezika i radnih bilje\u017enica za sve ostale u\u010denike \u0107e biti prema sljede\u0107em rasporedu: Dan Mjesto Vrijeme Razred Ponedjeljak, 5.9.2022. Vanjska [&hellip;]<\/p>\n","protected":false},"author":9,"featured_media":0,"comment_status":"closed","ping_status":"closed","sticky":false,"template":"","format":"standard","meta":{"_et_pb_use_builder":"","_et_pb_old_content":"","_et_gb_content_width":"","footnotes":""},"categories":[5,6,9,4,1],"tags":[78],"class_list":["post-12153","post","type-post","status-publish","format-standard","hentry","category-aktivnosti","category-aktualna-dogadanja","category-arhiva","category-najnovije-vijesti","category-nekategorizirano","tag-udzbenici"],"_links":{"self":[{"href":"https:\/\/prva.hr\/index.php\/wp-json\/wp\/v2\/posts\/12153","targetHints":{"allow":["GET"]}}],"collection":[{"href":"https:\/\/prva.hr\/index.php\/wp-json\/wp\/v2\/posts"}],"about":[{"href":"https:\/\/prva.hr\/index.php\/wp-json\/wp\/v2\/types\/post"}],"author":[{"embeddable":true,"href":"https:\/\/prva.hr\/index.php\/wp-json\/wp\/v2\/users\/9"}],"replies":[{"embeddable":true,"href":"https:\/\/prva.hr\/index.php\/wp-json\/wp\/v2\/comments?post=12153"}],"version-history":[{"count":15,"href":"https:\/\/prva.hr\/index.php\/wp-json\/wp\/v2\/posts\/12153\/revisions"}],"predecessor-version":[{"id":12168,"href":"https:\/\/prva.hr\/index.php\/wp-json\/wp\/v2\/posts\/12153\/revisions\/12168"}],"wp:attachment":[{"href":"https:\/\/prva.hr\/index.php\/wp-json\/wp\/v2\/media?parent=12153"}],"wp:term":[{"taxonomy":"category","embeddable":true,"href":"https:\/\/prva.hr\/index.php\/wp-json\/wp\/v2\/categories?post=12153"},{"taxonomy":"post_tag","embeddable":true,"href":"https:\/\/prva.hr\/index.php\/wp-json\/wp\/v2\/tags?post=12153"}],"curies":[{"name":"wp","href":"https:\/\/api.w.org\/{rel}","templated":true}]}}